{"id":6069,"date":"2017-01-04T02:12:39","date_gmt":"2017-01-04T05:12:39","guid":{"rendered":"http:\/\/guiadenoticias.com.ar\/diario\/?p=6069"},"modified":"2017-01-04T02:13:03","modified_gmt":"2017-01-04T05:13:03","slug":"andreotti-y-ritondo-lanzaron-el-operativo-sol-2017-en-zona-norte","status":"publish","type":"post","link":"https:\/\/guiadenoticias.com.ar\/diario\/andreotti-y-ritondo-lanzaron-el-operativo-sol-2017-en-zona-norte\/","title":{"rendered":"Andreotti y Ritondo lanzaron el Operativo Sol 2017 en Zona Norte"},"content":{"rendered":"<p>La provincia de Buenos Aires lanz\u00f3 el Operativo Sol 2017 para la temporada de verano que comenz\u00f3, con un despliegue de 16.000 polic\u00edas, 450 veh\u00edculos y 9 helic\u00f3pteros distribuidos en 42 distritos bonaerenses. Este a\u00f1o, el programa incluir\u00e1 a la Regi\u00f3n Metropolitana Norte, que comprende San Fernando, Tigre, San Isidro, Escobar, Vicente L\u00f3pez y Pilar.<\/p>\n<p>El intendente Luis Andreotti y el ministro de Seguridad de Provincia, Cristian Ritondo, presentaron la extensi\u00f3n del Operativo Sol en Zona Norte en un acto en el Centro de Exposiciones del Parque N\u00e1utico de San Fernando. \u201cEl operativo es importante, la Provincia asumi\u00f3 una responsabilidad que durante mucho tiempo venimos pidiendo los intendentes de la regi\u00f3n, que nos ocupamos mucho de la costa para que miles de vecinos puedan ir gracias a la infraestructura y el mantenimiento que hacemos\u201d, dijo Andreotti.<\/p>\n<p>Participaron de la ceremonia el jefe comunal de Tigre, Julio Zamora, y autoridades municipales de los distritos de Regi\u00f3n Metropolitana Norte; y el diputado provincial Juan Andreotti. Adem\u00e1s, estuvieron el jefe de la Polic\u00eda Bonaerense, Pablo Bressi; el secretario de Seguridad Interior de la Naci\u00f3n, Gerardo Milman; el ministro de Desarrollo Social provincial, Santiago L\u00f3pez Medrano; y el subsecretario de Asuntos Municipales, Alex Campbell.<\/p>\n<p>Luis Andreotti consider\u00f3: \u201cSiempre que vinieron gobernadores anteriores nos han sacado bastante y hoy nos dieron, as\u00ed que es un reconocimiento. Estamos siempre para trabajar en conjunto, porque al vecino no le importa si la obra la hace el Estado nacional, provincial o municipal, lo que le pide a los funcionarios es responsabilidad y mejorar la calidad de vida\u201d.<\/p>\n<p>Por su parte, Ritondo explic\u00f3 que \u201cel Operativo Sol se expandi\u00f3 a zona norte y zona sur, sumando distritos como Quilmes, Ensenada, Punta Lara, Berisso; y desde Vicente L\u00f3pez hasta Escobar\u201d.<\/p>\n<p>El funcionario destac\u00f3 que \u201cSan Fernando tiene un sistema de seguridad muy importante con una gran cantidad de c\u00e1maras y la verdad es que es una ciudad que est\u00e1 bien iluminada de noche, de cualquier punto de vista; por lo que es un gusto trabajar con el intendente Luis Andreotti\u201d.<\/p>\n<p>Por otro lado, hizo referencia a las tareas que se desplegaran en el Delta: \u201cHay necesidad de tener una polic\u00eda de isla y custodiando a los isle\u00f1os. La responsabilidad sobre el r\u00edo la sigue teniendo Prefectura, pero los isle\u00f1os hab\u00edan sido dejados de lado por parte del gobierno provincial porque no ten\u00edan polic\u00eda. Tienen que tener seguridad al igual que todo el mundo\u201d.<\/p>\n<p>A su turno, el intendente de Tigre manifest\u00f3 que \u201cen este momento estamos coordinando con resultados muy positivos; hab\u00edamos tenido una experiencia negativa con Gendarmer\u00eda que hab\u00eda bajado el ante a\u00f1o pasado para una \u00e9poca electoral y dispusimos un lugar, pero estuvieron 30 d\u00edas y despu\u00e9s se fueron. El compromiso tanto de la gobernadora como del secretario de Seguridad es que estas fuerzas de Prefectura se queden por un a\u00f1o\u201d.<\/p>\n<p>Juan Andreotti mencion\u00f3, \u201cen las islas no s\u00f3lo en el Delta sanfernandino, es muy dif\u00edcil el cuidado, los r\u00edos hacen que cualquier vuelta sea larga, por eso es importante que se equipen, tengan mayor presencia y los vecinos se sientan m\u00e1s acompa\u00f1ados. Es un reclamo de hace mucho tiempo y esperemos que hoy cambie y que sea para mejor\u201d.<\/p>\n","protected":false},"excerpt":{"rendered":"<p>La provincia de Buenos Aires lanz\u00f3 el Operativo Sol 2017 para la temporada de verano que comenz\u00f3, con un despliegue de 16.000 polic\u00edas, 450 veh\u00edculos y 9 helic\u00f3pteros distribuidos en 42 distritos bonaerenses. Este a\u00f1o, el programa incluir\u00e1 a la Regi\u00f3n Metropolitana Norte, que comprende San Fernando, Tigre, San Isidro, Escobar, Vicente L\u00f3pez y Pilar. [&hellip;]<\/p>\n","protected":false},"author":1,"featured_media":6070,"comment_status":"closed","ping_status":"open","sticky":false,"template":"","format":"standard","meta":{"footnotes":""},"categories":[20,48,22,23],"tags":[],"class_list":{"0":"post-6069","1":"post","2":"type-post","3":"status-publish","4":"format-standard","5":"has-post-thumbnail","7":"category-municipios","8":"category-politica-argentina","9":"category-san-fernando","10":"category-tigre"},"aioseo_notices":[],"_links":{"self":[{"href":"https:\/\/guiadenoticias.com.ar\/diario\/wp-json\/wp\/v2\/posts\/6069","targetHints":{"allow":["GET"]}}],"collection":[{"href":"https:\/\/guiadenoticias.com.ar\/diario\/wp-json\/wp\/v2\/posts"}],"about":[{"href":"https:\/\/guiadenoticias.com.ar\/diario\/wp-json\/wp\/v2\/types\/post"}],"author":[{"embeddable":true,"href":"https:\/\/guiadenoticias.com.ar\/diario\/wp-json\/wp\/v2\/users\/1"}],"replies":[{"embeddable":true,"href":"https:\/\/guiadenoticias.com.ar\/diario\/wp-json\/wp\/v2\/comments?post=6069"}],"version-history":[{"count":1,"href":"https:\/\/guiadenoticias.com.ar\/diario\/wp-json\/wp\/v2\/posts\/6069\/revisions"}],"predecessor-version":[{"id":6071,"href":"https:\/\/guiadenoticias.com.ar\/diario\/wp-json\/wp\/v2\/posts\/6069\/revisions\/6071"}],"wp:featuredmedia":[{"embeddable":true,"href":"https:\/\/guiadenoticias.com.ar\/diario\/wp-json\/wp\/v2\/media\/6070"}],"wp:attachment":[{"href":"https:\/\/guiadenoticias.com.ar\/diario\/wp-json\/wp\/v2\/media?parent=6069"}],"wp:term":[{"taxonomy":"category","embeddable":true,"href":"https:\/\/guiadenoticias.com.ar\/diario\/wp-json\/wp\/v2\/categories?post=6069"},{"taxonomy":"post_tag","embeddable":true,"href":"https:\/\/guiadenoticias.com.ar\/diario\/wp-json\/wp\/v2\/tags?post=6069"}],"curies":[{"name":"wp","href":"https:\/\/api.w.org\/{rel}","templated":true}]}}