{"id":646,"date":"2016-02-14T00:23:32","date_gmt":"2016-02-14T00:23:32","guid":{"rendered":"http:\/\/guiadenoticias.com.ar\/diario\/?p=646"},"modified":"2016-02-15T02:37:11","modified_gmt":"2016-02-15T02:37:11","slug":"las-casas-de-cultura-abren-sus-cursos","status":"publish","type":"post","link":"https:\/\/guiadenoticias.com.ar\/diario\/las-casas-de-cultura-abren-sus-cursos\/","title":{"rendered":"Las casas de cultura abren sus cursos"},"content":{"rendered":"<p>Las Casas de Cultura de San Isidro abren las inscripciones para realizar sus cursos. Ser\u00e1 a partir del lunes 15 de febrero en cada una de las sedes distribuidas en las distintas localidades.<\/p>\n<p>La oferta es amplia y variada, e incluye a todas las disciplinas: Actividades f\u00edsicas, artes esc\u00e9nicas, artes visuales, capacitaci\u00f3n para el trabajo, cocina, cursos te\u00f3rico pr\u00e1cticos, idiomas, inform\u00e1tica, m\u00fasica, manualidades y artesan\u00edas.<\/p>\n<p>Para informarse sobre cada curso, consultar en las diversas Casas de Cultura. Est\u00e1n abiertas de 8 a 18 y, a partir de marzo, de 8 a 20 horas.<\/p>\n<p><strong>SEDES<\/strong><\/p>\n<p>Casa de cultura Acassuso<br \/>\nPer\u00fa 167 \u2013 4580-3111\/3112\/3128<\/p>\n<p>Centro c\u00edvico cultural Beccar<br \/>\nAv. Centenario 1891 \u2013 4512-3160<\/p>\n<p>Centro c\u00edvico cultural Boulogne<br \/>\nAv. Avelino Rol\u00f3n 2315 \u2013 4513-7803\/7804<\/p>\n<p>Casa de cultura Mart\u00ednez centro<br \/>\nMonse\u00f1or Larumbe 762 \u2013 4580-3113<br \/>\nSaavedra 1710 \u2013 4793-9532<\/p>\n<p>Casa de cultura San Isidro centro<br \/>\nAv. Centenario 77 Local 10 \u2013 4512-3057<\/p>\n<p>Casa de cultura Villa Adelina<br \/>\nAvenida de Mayo 964 \u2013 4513-7893\/7894<\/p>\n","protected":false},"excerpt":{"rendered":"<p>Las Casas de Cultura de San Isidro abren las inscripciones para realizar sus cursos. Ser\u00e1 a partir del lunes 15 de febrero en cada una de las sedes distribuidas en las distintas localidades. La oferta es amplia y variada, e incluye a todas las disciplinas: Actividades f\u00edsicas, artes esc\u00e9nicas, artes visuales, capacitaci\u00f3n para el trabajo, [&hellip;]<\/p>\n","protected":false},"author":1,"featured_media":647,"comment_status":"closed","ping_status":"open","sticky":false,"template":"","format":"standard","meta":{"footnotes":""},"categories":[50,20,21],"tags":[],"class_list":{"0":"post-646","1":"post","2":"type-post","3":"status-publish","4":"format-standard","5":"has-post-thumbnail","7":"category-cultura","8":"category-municipios","9":"category-san-isidro"},"aioseo_notices":[],"_links":{"self":[{"href":"https:\/\/guiadenoticias.com.ar\/diario\/wp-json\/wp\/v2\/posts\/646","targetHints":{"allow":["GET"]}}],"collection":[{"href":"https:\/\/guiadenoticias.com.ar\/diario\/wp-json\/wp\/v2\/posts"}],"about":[{"href":"https:\/\/guiadenoticias.com.ar\/diario\/wp-json\/wp\/v2\/types\/post"}],"author":[{"embeddable":true,"href":"https:\/\/guiadenoticias.com.ar\/diario\/wp-json\/wp\/v2\/users\/1"}],"replies":[{"embeddable":true,"href":"https:\/\/guiadenoticias.com.ar\/diario\/wp-json\/wp\/v2\/comments?post=646"}],"version-history":[{"count":2,"href":"https:\/\/guiadenoticias.com.ar\/diario\/wp-json\/wp\/v2\/posts\/646\/revisions"}],"predecessor-version":[{"id":711,"href":"https:\/\/guiadenoticias.com.ar\/diario\/wp-json\/wp\/v2\/posts\/646\/revisions\/711"}],"wp:featuredmedia":[{"embeddable":true,"href":"https:\/\/guiadenoticias.com.ar\/diario\/wp-json\/wp\/v2\/media\/647"}],"wp:attachment":[{"href":"https:\/\/guiadenoticias.com.ar\/diario\/wp-json\/wp\/v2\/media?parent=646"}],"wp:term":[{"taxonomy":"category","embeddable":true,"href":"https:\/\/guiadenoticias.com.ar\/diario\/wp-json\/wp\/v2\/categories?post=646"},{"taxonomy":"post_tag","embeddable":true,"href":"https:\/\/guiadenoticias.com.ar\/diario\/wp-json\/wp\/v2\/tags?post=646"}],"curies":[{"name":"wp","href":"https:\/\/api.w.org\/{rel}","templated":true}]}}