{"id":6469,"date":"2017-02-15T00:02:23","date_gmt":"2017-02-15T03:02:23","guid":{"rendered":"http:\/\/guiadenoticias.com.ar\/diario\/?p=6469"},"modified":"2017-02-15T00:03:14","modified_gmt":"2017-02-15T03:03:14","slug":"andreotti-y-zamora-firmaron-el-convenio-para-construir-la-plaza-del-canal","status":"publish","type":"post","link":"https:\/\/guiadenoticias.com.ar\/diario\/andreotti-y-zamora-firmaron-el-convenio-para-construir-la-plaza-del-canal\/","title":{"rendered":"Andreotti y Zamora firmaron convenio para construir la Plaza del Canal"},"content":{"rendered":"<p>Los municipios de San Fernando y Tigre acordaron la construcci\u00f3n de la Plaza del Canal en el l\u00edmite entre ambos distritos en el bajo. Se trata de una espacio verde que embellecer\u00e1 y revalorizar\u00e1 la zona, har\u00e1 m\u00e1s fluido el tr\u00e1nsito y fortalecer\u00e1 el turismo que atraviesa las dos ciudades. Demandar\u00e1 un inversi\u00f3n de 20 millones de pesos y estar\u00e1 culminada en un plazo de seis meses.<\/p>\n<p>El convenio de trabajo conjunto fue firmado en el Palacio Municipal de San Fernando por el intendente anfitri\u00f3n, Luis Andreotti, y su par de Tigre, Julio Zamora. \u201cLe toc\u00f3 al Canal, hace tres a\u00f1os que hab\u00edamos prometido esta obra y ahora finalmente la vamos a concretar. Integra a los dos municipios y va sobre los dos objetivos que tenemos de que la gente pueda disfrutar de los espacios p\u00fablicos\u201d, manifest\u00f3 Andreotti.<\/p>\n<p>\u201cPara San Fernando es un desarrollo importante \u2013 agreg\u00f3 -. No nos olvidemos que ya Tigre sobre el r\u00edo tiene el desarrollo comercial del Puerto. Esto ser\u00eda un complemento que traer\u00eda muchos m\u00e1s turistas porque cuando uno puede ofrecer mayor cantidad de cosas, la gente elige los lugares para pasear\u201d.<\/p>\n<p>Adem\u00e1s, se\u00f1al\u00f3 que se pidi\u00f3 a Naci\u00f3n la instalaci\u00f3n de una bomba de desagote. \u201cLa necesitamos para prever sudestadas, y arriba de la planta de bombeo va a ir una calle que va a unir Italia con el lado de San Fernando sobre Col\u00f3n, en otro paso de integraci\u00f3n\u201d.<\/p>\n<p>Julio Zamora asegur\u00f3, \u00abes una obra que en su momento fue pensada por Sergio Massa, cuando era intendente, y Luis Andreotti, y luego, junto al intendente de San Fernando, emprendimos un camino de uni\u00f3n y trabajo en conjunto entre ambos municipios\u201d.<\/p>\n<p>\u201cEsto cristaliza la idea que no hay fronteras, sino puntos de uni\u00f3n. Esta obra se trata de la remodelaci\u00f3n de un nuevo espacio p\u00fablico, un lugar para la cohesi\u00f3n social, para el encuentro de los vecinos de ambos distritos, que le va a dar prosperidad a toda la regi\u00f3n. Adem\u00e1s, va a ser un puntapi\u00e9 para brindar la posibilidad a que inversores privados elijan la zona y ambos municipios crezcan\u00bb.<\/p>\n<p>La plaza comprender\u00e1 5 mil metros cuadrados, entre las calles Almirante Brown y Col\u00f3n, y por 3 de Febrero\/Avenida Caz\u00f3n y Lavalle\/Avenida Dardo Rocha. Tendr\u00e1 caminos internos, bancos de descanso, iluminaci\u00f3n LED, d\u00e1rsenas de estacionamiento y abordaje de colectivos, forestaci\u00f3n y una fuente de agua. En una primera etapa se licitar\u00e1 la construcci\u00f3n de un desag\u00fce pluvial hacia el R\u00edo Reconquista y el hormigonado desde Alvear hasta 3 de Febrero.<\/p>\n<p>Por otro lado, Luis Andreotti record\u00f3 que se lleva adelante una obra complementaria en la zona, que es la mudanza de la sede Tr\u00e1nsito de San Fernando. \u201cVamos a hacer el nuevo edificio en frente de donde estamos haciendo el cuartel de Bomberos y ac\u00e1 va a quedar una zona con vista al r\u00edo, porque vamos a demoler esos edificios\u201d, se\u00f1al\u00f3.<\/p>\n","protected":false},"excerpt":{"rendered":"<p>Los municipios de San Fernando y Tigre acordaron la construcci\u00f3n de la Plaza del Canal en el l\u00edmite entre ambos distritos en el bajo. Se trata de una espacio verde que embellecer\u00e1 y revalorizar\u00e1 la zona, har\u00e1 m\u00e1s fluido el tr\u00e1nsito y fortalecer\u00e1 el turismo que atraviesa las dos ciudades. Demandar\u00e1 un inversi\u00f3n de 20 [&hellip;]<\/p>\n","protected":false},"author":1,"featured_media":6470,"comment_status":"closed","ping_status":"open","sticky":false,"template":"","format":"standard","meta":{"footnotes":""},"categories":[20,22,23],"tags":[],"class_list":{"0":"post-6469","1":"post","2":"type-post","3":"status-publish","4":"format-standard","5":"has-post-thumbnail","7":"category-municipios","8":"category-san-fernando","9":"category-tigre"},"aioseo_notices":[],"_links":{"self":[{"href":"https:\/\/guiadenoticias.com.ar\/diario\/wp-json\/wp\/v2\/posts\/6469","targetHints":{"allow":["GET"]}}],"collection":[{"href":"https:\/\/guiadenoticias.com.ar\/diario\/wp-json\/wp\/v2\/posts"}],"about":[{"href":"https:\/\/guiadenoticias.com.ar\/diario\/wp-json\/wp\/v2\/types\/post"}],"author":[{"embeddable":true,"href":"https:\/\/guiadenoticias.com.ar\/diario\/wp-json\/wp\/v2\/users\/1"}],"replies":[{"embeddable":true,"href":"https:\/\/guiadenoticias.com.ar\/diario\/wp-json\/wp\/v2\/comments?post=6469"}],"version-history":[{"count":2,"href":"https:\/\/guiadenoticias.com.ar\/diario\/wp-json\/wp\/v2\/posts\/6469\/revisions"}],"predecessor-version":[{"id":6472,"href":"https:\/\/guiadenoticias.com.ar\/diario\/wp-json\/wp\/v2\/posts\/6469\/revisions\/6472"}],"wp:featuredmedia":[{"embeddable":true,"href":"https:\/\/guiadenoticias.com.ar\/diario\/wp-json\/wp\/v2\/media\/6470"}],"wp:attachment":[{"href":"https:\/\/guiadenoticias.com.ar\/diario\/wp-json\/wp\/v2\/media?parent=6469"}],"wp:term":[{"taxonomy":"category","embeddable":true,"href":"https:\/\/guiadenoticias.com.ar\/diario\/wp-json\/wp\/v2\/categories?post=6469"},{"taxonomy":"post_tag","embeddable":true,"href":"https:\/\/guiadenoticias.com.ar\/diario\/wp-json\/wp\/v2\/tags?post=6469"}],"curies":[{"name":"wp","href":"https:\/\/api.w.org\/{rel}","templated":true}]}}