{"id":652,"date":"2016-02-14T01:04:45","date_gmt":"2016-02-14T01:04:45","guid":{"rendered":"http:\/\/guiadenoticias.com.ar\/diario\/?p=652"},"modified":"2016-02-15T02:36:14","modified_gmt":"2016-02-15T02:36:14","slug":"posse-se-reunio-con-ducote-en-pilar","status":"publish","type":"post","link":"https:\/\/guiadenoticias.com.ar\/diario\/posse-se-reunio-con-ducote-en-pilar\/","title":{"rendered":"Posse se reuni\u00f3 con Ducot\u00e9 en Pilar"},"content":{"rendered":"<p>Los intendentes de San Isidro, Gustavo Posse, y de Pilar, Nicol\u00e1s Ducot\u00e9, se reunieron en la sede municipal de Pilar, y calificaron la reuni\u00f3n como \u00abmuy productiva y promisoria\u00bb, acordando un convenio de cooperaci\u00f3n en materia de seguridad.<\/p>\n<p>\u00abMe da mucha alegr\u00eda reunirme con Nicol\u00e1s, un intendente nuevo, con tanto empuje, que se prepar\u00f3 para poder ocupar esta funci\u00f3n\u00bb, sostuvo Posse. \u00abEs bueno que municipios del corredor de la zona norte podamos trabajar en una agenda de temas comunes como la seguridad, la salud, el tr\u00e1nsito, las obras hidr\u00e1ulicas\u00bb, enumer\u00f3.<\/p>\n<p>Para Ducot\u00e9, \u00abPosse transmite su experiencia exitosa de gesti\u00f3n en \u00e1reas como la seguridad o la prevenci\u00f3n de inundaciones\u00bb.<\/p>\n<p>Tras una recorrida por el centro de control de c\u00e1maras de seguridad, los jefes comunales adelantaron que buscar\u00e1n ampliar el trabajo de la Regi\u00f3n Metropolitana Norte (que integran hoy Vicente L\u00f3pez, San Isidro, San Fernando y Tigre) con otras localidades de la Provincia.<\/p>\n<p>\u00abSin crear otras estructuras administrativas ni burocr\u00e1ticas, se puede trabajar en conjunto, con los responsables de distintas \u00e1reas de gobierno, replicando lo mejor de cada uno y buscando tambi\u00e9n soluciones a problem\u00e1ticas comunes\u00bb, concluy\u00f3 el sanisidrense.<\/p>\n","protected":false},"excerpt":{"rendered":"<p>Los intendentes de San Isidro, Gustavo Posse, y de Pilar, Nicol\u00e1s Ducot\u00e9, se reunieron en la sede municipal de Pilar, y calificaron la reuni\u00f3n como \u00abmuy productiva y promisoria\u00bb, acordando un convenio de cooperaci\u00f3n en materia de seguridad. \u00abMe da mucha alegr\u00eda reunirme con Nicol\u00e1s, un intendente nuevo, con tanto empuje, que se prepar\u00f3 para [&hellip;]<\/p>\n","protected":false},"author":1,"featured_media":653,"comment_status":"closed","ping_status":"open","sticky":false,"template":"","format":"standard","meta":{"footnotes":""},"categories":[20,48,21],"tags":[],"class_list":{"0":"post-652","1":"post","2":"type-post","3":"status-publish","4":"format-standard","5":"has-post-thumbnail","7":"category-municipios","8":"category-politica-argentina","9":"category-san-isidro"},"aioseo_notices":[],"_links":{"self":[{"href":"https:\/\/guiadenoticias.com.ar\/diario\/wp-json\/wp\/v2\/posts\/652","targetHints":{"allow":["GET"]}}],"collection":[{"href":"https:\/\/guiadenoticias.com.ar\/diario\/wp-json\/wp\/v2\/posts"}],"about":[{"href":"https:\/\/guiadenoticias.com.ar\/diario\/wp-json\/wp\/v2\/types\/post"}],"author":[{"embeddable":true,"href":"https:\/\/guiadenoticias.com.ar\/diario\/wp-json\/wp\/v2\/users\/1"}],"replies":[{"embeddable":true,"href":"https:\/\/guiadenoticias.com.ar\/diario\/wp-json\/wp\/v2\/comments?post=652"}],"version-history":[{"count":2,"href":"https:\/\/guiadenoticias.com.ar\/diario\/wp-json\/wp\/v2\/posts\/652\/revisions"}],"predecessor-version":[{"id":709,"href":"https:\/\/guiadenoticias.com.ar\/diario\/wp-json\/wp\/v2\/posts\/652\/revisions\/709"}],"wp:featuredmedia":[{"embeddable":true,"href":"https:\/\/guiadenoticias.com.ar\/diario\/wp-json\/wp\/v2\/media\/653"}],"wp:attachment":[{"href":"https:\/\/guiadenoticias.com.ar\/diario\/wp-json\/wp\/v2\/media?parent=652"}],"wp:term":[{"taxonomy":"category","embeddable":true,"href":"https:\/\/guiadenoticias.com.ar\/diario\/wp-json\/wp\/v2\/categories?post=652"},{"taxonomy":"post_tag","embeddable":true,"href":"https:\/\/guiadenoticias.com.ar\/diario\/wp-json\/wp\/v2\/tags?post=652"}],"curies":[{"name":"wp","href":"https:\/\/api.w.org\/{rel}","templated":true}]}}