{"id":655,"date":"2016-02-14T01:25:17","date_gmt":"2016-02-14T01:25:17","guid":{"rendered":"http:\/\/guiadenoticias.com.ar\/diario\/?p=655"},"modified":"2016-02-14T20:26:24","modified_gmt":"2016-02-14T20:26:24","slug":"nuevo-punto-de-recepcion-de-reciclables-de-ituzaingo-se-pa-ra","status":"publish","type":"post","link":"https:\/\/guiadenoticias.com.ar\/diario\/nuevo-punto-de-recepcion-de-reciclables-de-ituzaingo-se-pa-ra\/","title":{"rendered":"Nuevo punto de recepci\u00f3n de reciclables de Ituzaing\u00f3 Se Pa Ra"},"content":{"rendered":"<p>La Secretar\u00eda de Infraestructura a trav\u00e9s de la Direcci\u00f3n de Pol\u00edticas Ambientales inform\u00f3 que tuvo lugar una nueva jornada de la campa\u00f1a de separaci\u00f3n de residuos reciclables, \u201cItuzaing\u00f3 Se Pa Ra\u201d, el s\u00e1bado 13 de febrero, fecha en la que se agreg\u00f3 un nuevo punto de recepci\u00f3n, el Centro de Desarrollo Social La Torcacita. <\/p>\n<p>Mediante este programa, los vecinos acercan sus residuos reciclables limpios y secos, separados en papel, cart\u00f3n, botellas pl\u00e1sticas, metal, vidrio, aceite vegetal proveniente de las frituras y residuos electr\u00f3nicos provenientes de la tecnolog\u00eda en desuso, a los puntos de acopio que ofrece el municipio.<\/p>\n<p>Vale destacar que Ituzaing\u00f3 Se Pa Ra se realiza los segundos y cuartos s\u00e1bados de cada mes de 9 a 13 horas, con el objetivo de concientizar a la comunidad acerca de la problem\u00e1tica de residuos urbanos, apelando al compromiso y la participaci\u00f3n de los vecinos para contribuir al cuidado del ambiente. <\/p>\n<p><strong>Los puntos de acopio:<\/strong> <\/p>\n<p>Centro de Desarrollo Social San Antonio \/ Delegaci\u00f3n Sur (Olivera 2160)<br \/>\nCentro de Desarrollo Social La Torcacita (Santos Vega y Quiroga)<br \/>\nCentro de Desarrollo Social San Alberto (Pringles 2740)<br \/>\nDelegaci\u00f3n Norte (Mart\u00edn Fierro 3367)<br \/>\nCasa de Gobierno Municipal descentralizada (Av. Ratti 10)<\/p>\n","protected":false},"excerpt":{"rendered":"<p>La Secretar\u00eda de Infraestructura a trav\u00e9s de la Direcci\u00f3n de Pol\u00edticas Ambientales inform\u00f3 que tuvo lugar una nueva jornada de la campa\u00f1a de separaci\u00f3n de residuos reciclables, \u201cItuzaing\u00f3 Se Pa Ra\u201d, el s\u00e1bado 13 de febrero, fecha en la que se agreg\u00f3 un nuevo punto de recepci\u00f3n, el Centro de Desarrollo Social La Torcacita. Mediante [&hellip;]<\/p>\n","protected":false},"author":1,"featured_media":656,"comment_status":"closed","ping_status":"open","sticky":false,"template":"","format":"standard","meta":{"footnotes":""},"categories":[19,29,20],"tags":[],"class_list":{"0":"post-655","1":"post","2":"type-post","3":"status-publish","4":"format-standard","5":"has-post-thumbnail","7":"category-informacion-general","8":"category-ituzaingo","9":"category-municipios"},"aioseo_notices":[],"_links":{"self":[{"href":"https:\/\/guiadenoticias.com.ar\/diario\/wp-json\/wp\/v2\/posts\/655","targetHints":{"allow":["GET"]}}],"collection":[{"href":"https:\/\/guiadenoticias.com.ar\/diario\/wp-json\/wp\/v2\/posts"}],"about":[{"href":"https:\/\/guiadenoticias.com.ar\/diario\/wp-json\/wp\/v2\/types\/post"}],"author":[{"embeddable":true,"href":"https:\/\/guiadenoticias.com.ar\/diario\/wp-json\/wp\/v2\/users\/1"}],"replies":[{"embeddable":true,"href":"https:\/\/guiadenoticias.com.ar\/diario\/wp-json\/wp\/v2\/comments?post=655"}],"version-history":[{"count":1,"href":"https:\/\/guiadenoticias.com.ar\/diario\/wp-json\/wp\/v2\/posts\/655\/revisions"}],"predecessor-version":[{"id":657,"href":"https:\/\/guiadenoticias.com.ar\/diario\/wp-json\/wp\/v2\/posts\/655\/revisions\/657"}],"wp:featuredmedia":[{"embeddable":true,"href":"https:\/\/guiadenoticias.com.ar\/diario\/wp-json\/wp\/v2\/media\/656"}],"wp:attachment":[{"href":"https:\/\/guiadenoticias.com.ar\/diario\/wp-json\/wp\/v2\/media?parent=655"}],"wp:term":[{"taxonomy":"category","embeddable":true,"href":"https:\/\/guiadenoticias.com.ar\/diario\/wp-json\/wp\/v2\/categories?post=655"},{"taxonomy":"post_tag","embeddable":true,"href":"https:\/\/guiadenoticias.com.ar\/diario\/wp-json\/wp\/v2\/tags?post=655"}],"curies":[{"name":"wp","href":"https:\/\/api.w.org\/{rel}","templated":true}]}}