{"id":6625,"date":"2017-02-25T00:17:35","date_gmt":"2017-02-25T03:17:35","guid":{"rendered":"http:\/\/guiadenoticias.com.ar\/diario\/?p=6625"},"modified":"2017-02-25T00:17:47","modified_gmt":"2017-02-25T03:17:47","slug":"el-pj-bonaerense-hace-foco-en-la-unidad","status":"publish","type":"post","link":"https:\/\/guiadenoticias.com.ar\/diario\/el-pj-bonaerense-hace-foco-en-la-unidad\/","title":{"rendered":"El PJ bonaerense hace foco en la \u00abunidad\u00bb"},"content":{"rendered":"<p>Parte del PJ bonaerense se reuni\u00f3 este viernes en San Vicente para acercar posiciones entre el kirchnerismo y el resto de los sectores del peronismo. El titular del partido, Fernando Espinoza, Mart\u00edn Insaurralde, del Grupo Esmeralda, y M\u00e1ximo Kirchner, de La C\u00e1mpora, participaron de un c\u00f3nclave que llega una semana despu\u00e9s del fracaso del congreso de Santa Teresita.<\/p>\n<p>En el documento final que emiti\u00f3 el PJ apuntaron a la \u00abunidad\u00bb para \u00abfrenar los tarifazos, la creciente desigualdad y la p\u00e9rdida de empleo\u00bb.<\/p>\n<p>Adem\u00e1s, rechazaron lo que consideran una \u00abformidable persecuci\u00f3n pol\u00edtica, medi\u00e1tica y judicial centradas fundamentalmente en la persona de Cristina Fern\u00e1ndez de Kirchner; que signific\u00f3 tambi\u00e9n la salvaje represi\u00f3n de manifestantes en distintas ocasiones\u00bb.<\/p>\n<p>Tambi\u00e9n hubo referencias a Milagro Sala cuya detenci\u00f3n calificaron como \u00abileg\u00edtima en todas sus formas y presa pol\u00edtica de este gobierno y del r\u00e9gimen neoliberal\u00bb. Y agregaron: \u00abEstos ataques no van s\u00f3lo contra las personas, sino contra el proyecto nacional en su conjunto\u00bb.<\/p>\n<p>Desde la CGT ya anunciaron que prefieren una lista unificada y evitar las internas. Ese parece ser el principal dilema que debe resolver el movimiento. D\u00edas atr\u00e1s, Juli\u00e1n Dom\u00ednguez asegur\u00f3 que competir\u00eda en unas eventuales PASO, incluso si se presenta Cristina de Kirchner. La candidatura de la ex Presidenta fue una de las inc\u00f3gnitas que no termin\u00f3 de despejarse en San Vicente.<\/p>\n<p>\u00abVamos a parar este proyecto de pa\u00eds de una Argentina tan injusta, y los peronistas, como siempre, vamos a hacer realidad los sue\u00f1os y las esperanzas de la gente\u00bb, expres\u00f3 Espinoza.<\/p>\n<p>El ex intendente de La Matanza asegur\u00f3 que el peronismo corrigi\u00f3 y aprendi\u00f3 de sus \u00aberrores\u00bb y con la \u00abunidad\u00bb que est\u00e1n \u00abmostrando con la CGT, la CTA, los intendentes, queda muy claro que este es el espacio y la alternativa que va a ganar las elecciones legislativas\u00bb.<\/p>\n<p>Los intendentes Ver\u00f3nica Magario (La Matanza), Gabriel Katopodis (San Mart\u00edn), Mario Secco (Ensenada) y Julio Pereyra (Florencio Varela); el senador nacional Juan Manuel Abal Medina y el diputado Eduardo \u00abWado\u00bb de Pedro estuvieron entre los primeros en llegar a la quinta de San Vicente.<\/p>\n<p>Por su parte, M\u00e1ximo Kirchner, quien no hab\u00eda asistido al congreso del PJ bonaerense del 29 de diciembre en La Matanza, donde se acord\u00f3 la ampliaci\u00f3n de la Mesa de Acci\u00f3n Pol\u00edtica, prefiri\u00f3 no hacer declaraciones a la prensa al ingresar a la quinta, momento en el que prefiri\u00f3 tomarse fotos con militantes. \u00abVengo porque es la primera vez que me invitan\u00bb, se\u00f1al\u00f3.<\/p>\n<p>\u201cAbracemos a todos los peronistas y ganemos las elecciones. El enemigo est\u00e1 enfrente y est\u00e1 gobernando\u201d, apunt\u00f3 Insaurralde.<\/p>\n","protected":false},"excerpt":{"rendered":"<p>Parte del PJ bonaerense se reuni\u00f3 este viernes en San Vicente para acercar posiciones entre el kirchnerismo y el resto de los sectores del peronismo. El titular del partido, Fernando Espinoza, Mart\u00edn Insaurralde, del Grupo Esmeralda, y M\u00e1ximo Kirchner, de La C\u00e1mpora, participaron de un c\u00f3nclave que llega una semana despu\u00e9s del fracaso del congreso [&hellip;]<\/p>\n","protected":false},"author":1,"featured_media":6626,"comment_status":"closed","ping_status":"open","sticky":false,"template":"","format":"standard","meta":{"footnotes":""},"categories":[30,48,31],"tags":[],"class_list":{"0":"post-6625","1":"post","2":"type-post","3":"status-publish","4":"format-standard","5":"has-post-thumbnail","7":"category-nacion","8":"category-politica-argentina","9":"category-provincia"},"aioseo_notices":[],"_links":{"self":[{"href":"https:\/\/guiadenoticias.com.ar\/diario\/wp-json\/wp\/v2\/posts\/6625","targetHints":{"allow":["GET"]}}],"collection":[{"href":"https:\/\/guiadenoticias.com.ar\/diario\/wp-json\/wp\/v2\/posts"}],"about":[{"href":"https:\/\/guiadenoticias.com.ar\/diario\/wp-json\/wp\/v2\/types\/post"}],"author":[{"embeddable":true,"href":"https:\/\/guiadenoticias.com.ar\/diario\/wp-json\/wp\/v2\/users\/1"}],"replies":[{"embeddable":true,"href":"https:\/\/guiadenoticias.com.ar\/diario\/wp-json\/wp\/v2\/comments?post=6625"}],"version-history":[{"count":1,"href":"https:\/\/guiadenoticias.com.ar\/diario\/wp-json\/wp\/v2\/posts\/6625\/revisions"}],"predecessor-version":[{"id":6627,"href":"https:\/\/guiadenoticias.com.ar\/diario\/wp-json\/wp\/v2\/posts\/6625\/revisions\/6627"}],"wp:featuredmedia":[{"embeddable":true,"href":"https:\/\/guiadenoticias.com.ar\/diario\/wp-json\/wp\/v2\/media\/6626"}],"wp:attachment":[{"href":"https:\/\/guiadenoticias.com.ar\/diario\/wp-json\/wp\/v2\/media?parent=6625"}],"wp:term":[{"taxonomy":"category","embeddable":true,"href":"https:\/\/guiadenoticias.com.ar\/diario\/wp-json\/wp\/v2\/categories?post=6625"},{"taxonomy":"post_tag","embeddable":true,"href":"https:\/\/guiadenoticias.com.ar\/diario\/wp-json\/wp\/v2\/tags?post=6625"}],"curies":[{"name":"wp","href":"https:\/\/api.w.org\/{rel}","templated":true}]}}