{"id":6647,"date":"2017-02-26T22:50:01","date_gmt":"2017-02-27T01:50:01","guid":{"rendered":"http:\/\/guiadenoticias.com.ar\/diario\/?p=6647"},"modified":"2017-02-26T22:50:14","modified_gmt":"2017-02-27T01:50:14","slug":"la-ucr-pide-pista-para-afianzar-una-coalicion-de-gobierno","status":"publish","type":"post","link":"https:\/\/guiadenoticias.com.ar\/diario\/la-ucr-pide-pista-para-afianzar-una-coalicion-de-gobierno\/","title":{"rendered":"La UCR pide pista para afianzar una coalici\u00f3n de gobierno"},"content":{"rendered":"<p>El radicalismo llev\u00f3 a cabo viernes y s\u00e1bado un encuentro nacional en Villa Giardino en C\u00f3rdoba, y entre los principales puntos se resolvi\u00f3 \u201cprofundizar la coalici\u00f3n parlamentaria\u201d en Cambiemos, para de esa manera \u201carribar a una exitosa coalici\u00f3n de gobierno\u201d y en lo electoral consolidar la coalici\u00f3n en todo el pa\u00eds.<\/p>\n<p>\u201cEl a\u00f1o 2017 nos brinda la oportunidad hist\u00f3rica de consolidar el cambio, agregar respaldo parlamentario al gobierno y llevarlo a cada rinc\u00f3n del pa\u00eds. Entendemos que podemos hacerlo aportando m\u00e1s que nunca nuestra capacidad pol\u00edtica para brindarle sustentabilidad a la coalici\u00f3n y robustecerla\u201d, resalta el documento oficial partidario elaborado luego de dos d\u00edas de debate.<\/p>\n<p>Asimismo destaca que en estos 14 primeros meses de gesti\u00f3n del gobierno nacional, \u201cla coalici\u00f3n tom\u00f3 las riendas del gobierno con un escenario sumamente complejo, un pa\u00eds con una hipoteca econ\u00f3mica y social que conllev\u00f3 decisiones dif\u00edciles que fueron tomadas sin dejar de vista a los m\u00e1s vulnerables\u201d.<\/p>\n<p>Tambi\u00e9n, en el texto se reafirm\u00f3 el compromiso de \u201ctrabajar para dejar atr\u00e1s de manera definitiva el pasado oscuro de degradaci\u00f3n institucional, pol\u00edtica y social que signific\u00f3 el kirchnerismo, esa es nuestra prioridad absoluta\u201d.<\/p>\n<p>En cuanto a las definiciones electorales, la UCR apuesta a \u201cconstituir Cambiemos en todos los distritos del territorio nacional\u201d porque \u201ces primordial para que los argentinos puedan seguir consolidando el cambio\u201d.<\/p>\n<p>En ese contexto considera fundamental \u201cavanzar en la construcci\u00f3n de consensos que nos permitan presentarle a la ciudadan\u00eda una propuesta y candidatos concertados que sinteticen lo mejor de todas las expresiones de la coalici\u00f3n debe ser una premisa; disponiendo tambi\u00e9n de la utilizaci\u00f3n de las primarias para decidir, de cara a la gente, la mejor representaci\u00f3n pol\u00edtica de Cambiemos\u201d.<\/p>\n<p>Previo al cierre del encuentro se realiz\u00f3 una conferencia de prensa en donde el presidente del bloque de senadores nacionales de Cambiemos, el chaque\u00f1o \u00c1ngel Rozas, pronostic\u00f3 que \u201cCambiemos va a ganar las elecciones de medio tiempo porque el pa\u00eds no quiere volver al populismo\u201d.<\/p>\n<p>Tambi\u00e9n plante\u00f3 la necesidad de una \u201cmayor participaci\u00f3n del radicalismo en los debates de las decisiones del Gobierno\u201d, y agreg\u00f3, \u201cno somos un partido invitado a la coalici\u00f3n, somos un partido fundante, podemos tener opiniones distintas, pero la verdadera riqueza de las coaliciones no es la unanimidad de criterios, sino la diversidad, no nos debe asustar que pensemos distintos\u201d.<\/p>\n<p>Por su parte, el titular del bloque de diputados de Cambiemos, Mario Negri, consider\u00f3 que \u201cel radicalismo debe liderar en las ideas\u201d.<\/p>\n<p>A\u00f1adi\u00f3 que con el PRO, \u201cpodemos tener diferencias t\u00e9cnicas en el manejo del Estado, pero es un suicidio no tener la definici\u00f3n pol\u00edtica, no s\u00f3lo del tiempo, sino del timing de lo que le pasa a la gente, por eso este gobierno fue capaz de resolver con inteligencia desde el principio los temas m\u00e1s dif\u00edciles y sin embargo los goles en contra han sido en lugares absolutamente evitables\u201d.<\/p>\n<p>En tanto el presidente del Comit\u00e9 Nacional de la UCR e intendente de Santa Fe, Jos\u00e9 Corral, destac\u00f3 que el encuentro, denominado \u2018Preparados para consolidar el cambio\u2019, fue \u201cexitoso\u201d en donde \u201cel radicalismo ha demostrado su capacidad de organizaci\u00f3n, de convocatoria y de debatir en los temas que hacen al partido, a la gesti\u00f3n y a la gente\u201d.<\/p>\n<p>El pr\u00f3ximo encuentro partidario se va realizar el 3 de abril en la ciudad de La Plata, cuando se realice la Convenci\u00f3n Nacional, que formaliza los frentes electorales.<\/p>\n<p>En estos dos d\u00edas de debate participaron el gobernador de Jujuy, Gerardo Morales; la presidenta de la Convenci\u00f3n Nacional, Lilia Puig de Stubrin; el intendente de la ciudad de C\u00f3rdoba y titular del Foro de Intendentes Nacionales del Radicalismo, Ram\u00f3n Mestre; el presidente de la UCR C\u00f3rdoba, Alberto Zapiola, y el ex ministro de Econom\u00eda, Alfonso Prat Gay.<\/p>\n<p>Dijeron presente asimismo Julio Cobos; el ex gobernador de C\u00f3rdoba Eduardo Angeloz y el ministro de Comunicaciones Oscar Aguad; Enrique \u2018Coti\u2019 Nosiglia, Federico Storani, Marcelo Stubrin y Jes\u00fas Rodr\u00edguez.<\/p>\n","protected":false},"excerpt":{"rendered":"<p>El radicalismo llev\u00f3 a cabo viernes y s\u00e1bado un encuentro nacional en Villa Giardino en C\u00f3rdoba, y entre los principales puntos se resolvi\u00f3 \u201cprofundizar la coalici\u00f3n parlamentaria\u201d en Cambiemos, para de esa manera \u201carribar a una exitosa coalici\u00f3n de gobierno\u201d y en lo electoral consolidar la coalici\u00f3n en todo el pa\u00eds. \u201cEl a\u00f1o 2017 nos [&hellip;]<\/p>\n","protected":false},"author":1,"featured_media":6648,"comment_status":"closed","ping_status":"open","sticky":false,"template":"","format":"standard","meta":{"footnotes":""},"categories":[30,48],"tags":[],"class_list":{"0":"post-6647","1":"post","2":"type-post","3":"status-publish","4":"format-standard","5":"has-post-thumbnail","7":"category-nacion","8":"category-politica-argentina"},"aioseo_notices":[],"_links":{"self":[{"href":"https:\/\/guiadenoticias.com.ar\/diario\/wp-json\/wp\/v2\/posts\/6647","targetHints":{"allow":["GET"]}}],"collection":[{"href":"https:\/\/guiadenoticias.com.ar\/diario\/wp-json\/wp\/v2\/posts"}],"about":[{"href":"https:\/\/guiadenoticias.com.ar\/diario\/wp-json\/wp\/v2\/types\/post"}],"author":[{"embeddable":true,"href":"https:\/\/guiadenoticias.com.ar\/diario\/wp-json\/wp\/v2\/users\/1"}],"replies":[{"embeddable":true,"href":"https:\/\/guiadenoticias.com.ar\/diario\/wp-json\/wp\/v2\/comments?post=6647"}],"version-history":[{"count":1,"href":"https:\/\/guiadenoticias.com.ar\/diario\/wp-json\/wp\/v2\/posts\/6647\/revisions"}],"predecessor-version":[{"id":6649,"href":"https:\/\/guiadenoticias.com.ar\/diario\/wp-json\/wp\/v2\/posts\/6647\/revisions\/6649"}],"wp:featuredmedia":[{"embeddable":true,"href":"https:\/\/guiadenoticias.com.ar\/diario\/wp-json\/wp\/v2\/media\/6648"}],"wp:attachment":[{"href":"https:\/\/guiadenoticias.com.ar\/diario\/wp-json\/wp\/v2\/media?parent=6647"}],"wp:term":[{"taxonomy":"category","embeddable":true,"href":"https:\/\/guiadenoticias.com.ar\/diario\/wp-json\/wp\/v2\/categories?post=6647"},{"taxonomy":"post_tag","embeddable":true,"href":"https:\/\/guiadenoticias.com.ar\/diario\/wp-json\/wp\/v2\/tags?post=6647"}],"curies":[{"name":"wp","href":"https:\/\/api.w.org\/{rel}","templated":true}]}}