{"id":6653,"date":"2017-02-27T02:00:48","date_gmt":"2017-02-27T05:00:48","guid":{"rendered":"http:\/\/guiadenoticias.com.ar\/diario\/?p=6653"},"modified":"2017-02-27T02:00:59","modified_gmt":"2017-02-27T05:00:59","slug":"consolidan-el-frente-renovador-en-san-martin","status":"publish","type":"post","link":"https:\/\/guiadenoticias.com.ar\/diario\/consolidan-el-frente-renovador-en-san-martin\/","title":{"rendered":"Consolidan el Frente Renovador en San Mart\u00edn"},"content":{"rendered":"<p>En uno de los locales partidarios del Frente Renovador de San Mart\u00edn en Barrio Libertador se desarroll\u00f3 el comit\u00e9 de campa\u00f1a entre los distintos espacios que conforman el massismo del distrito. En l\u00ednea con la propuesta de Sergio Massa a nivel nacional, se congregaron distintos sectores para conformar una oferta electoral plural.<\/p>\n<p>El diputado provincial Rub\u00e9n Eslaiman est\u00e1 al frente de dicho armado. Adem\u00e1s, en la reuni\u00f3n estuvieron Germ\u00e1n Svagelj en representaci\u00f3n del socialismo, quien comento: \u201cLas ideas de Alfredo Palacios fueron llevadas a cabo luego por el general Per\u00f3n, en ese sentido hist\u00f3rico podemos encontrar similitudes para acercar nuestros espacios y trabajar juntos\u201d.<\/p>\n<p>En representaci\u00f3n del GEN estuvo Ricardo \u201cCachi\u201d Rodr\u00edguez, que al respecto dijo, \u201ccomo saben, Sergio Massa y Margarita Stolbizer vienen trabajando juntos y nosotros venimos a representar ese espacio en el distrito dentro del Frente Renovador\u201d.<\/p>\n<p>Del encuentro tambi\u00e9n form\u00f3 parte el dirigente radical V\u00edctor Natero. \u201cVengo a participar de este espacio como otros tantos radicales, que no se sienten representados por este gobierno y por la postura oficial del partido\u201d, revel\u00f3.<\/p>\n","protected":false},"excerpt":{"rendered":"<p>En uno de los locales partidarios del Frente Renovador de San Mart\u00edn en Barrio Libertador se desarroll\u00f3 el comit\u00e9 de campa\u00f1a entre los distintos espacios que conforman el massismo del distrito. En l\u00ednea con la propuesta de Sergio Massa a nivel nacional, se congregaron distintos sectores para conformar una oferta electoral plural. El diputado provincial [&hellip;]<\/p>\n","protected":false},"author":1,"featured_media":6654,"comment_status":"closed","ping_status":"open","sticky":false,"template":"","format":"standard","meta":{"footnotes":""},"categories":[20,48,24],"tags":[],"class_list":{"0":"post-6653","1":"post","2":"type-post","3":"status-publish","4":"format-standard","5":"has-post-thumbnail","7":"category-municipios","8":"category-politica-argentina","9":"category-san-martin"},"aioseo_notices":[],"_links":{"self":[{"href":"https:\/\/guiadenoticias.com.ar\/diario\/wp-json\/wp\/v2\/posts\/6653","targetHints":{"allow":["GET"]}}],"collection":[{"href":"https:\/\/guiadenoticias.com.ar\/diario\/wp-json\/wp\/v2\/posts"}],"about":[{"href":"https:\/\/guiadenoticias.com.ar\/diario\/wp-json\/wp\/v2\/types\/post"}],"author":[{"embeddable":true,"href":"https:\/\/guiadenoticias.com.ar\/diario\/wp-json\/wp\/v2\/users\/1"}],"replies":[{"embeddable":true,"href":"https:\/\/guiadenoticias.com.ar\/diario\/wp-json\/wp\/v2\/comments?post=6653"}],"version-history":[{"count":1,"href":"https:\/\/guiadenoticias.com.ar\/diario\/wp-json\/wp\/v2\/posts\/6653\/revisions"}],"predecessor-version":[{"id":6655,"href":"https:\/\/guiadenoticias.com.ar\/diario\/wp-json\/wp\/v2\/posts\/6653\/revisions\/6655"}],"wp:featuredmedia":[{"embeddable":true,"href":"https:\/\/guiadenoticias.com.ar\/diario\/wp-json\/wp\/v2\/media\/6654"}],"wp:attachment":[{"href":"https:\/\/guiadenoticias.com.ar\/diario\/wp-json\/wp\/v2\/media?parent=6653"}],"wp:term":[{"taxonomy":"category","embeddable":true,"href":"https:\/\/guiadenoticias.com.ar\/diario\/wp-json\/wp\/v2\/categories?post=6653"},{"taxonomy":"post_tag","embeddable":true,"href":"https:\/\/guiadenoticias.com.ar\/diario\/wp-json\/wp\/v2\/tags?post=6653"}],"curies":[{"name":"wp","href":"https:\/\/api.w.org\/{rel}","templated":true}]}}