{"id":6681,"date":"2017-03-01T22:14:54","date_gmt":"2017-03-02T01:14:54","guid":{"rendered":"http:\/\/guiadenoticias.com.ar\/diario\/?p=6681"},"modified":"2017-03-01T22:18:15","modified_gmt":"2017-03-02T01:18:15","slug":"macri-eligio-la-confrontacion-con-los-k-en-su-paso-por-el-congreso","status":"publish","type":"post","link":"https:\/\/guiadenoticias.com.ar\/diario\/macri-eligio-la-confrontacion-con-los-k-en-su-paso-por-el-congreso\/","title":{"rendered":"Macri confront\u00f3 con los K en su paso por el Congreso"},"content":{"rendered":"<p>Con un balance de su primer a\u00f1o de gesti\u00f3n y una agenda con hincapi\u00e9 en la educaci\u00f3n, la econom\u00eda y la transparencia, Mauricio Macri brind\u00f3 un discurso de una hora frente a la Asamblea Legislativa para inaugurar las sesiones ordinarias en el Congreso. Tras aludir al kirchnerismo como una \u00abd\u00e9cada de despilfarro y corrupci\u00f3n\u00bb, el Presidente retom\u00f3 la iniciativa pol\u00edtica en el a\u00f1o electoral. \u00abSuperamos lo m\u00e1s dif\u00edcil de esta transici\u00f3n y el pa\u00eds est\u00e1 cambiando: la Argentina se est\u00e1 poniendo de pie\u00bb, asegur\u00f3.<\/p>\n<p>\u00abSiempre supimos que el camino iba a ser dif\u00edcil, por los que se resisten, los que ponen palos en la rueda. Tenemos que poner el hombro y tenemos que cambiar las cosas en serio\u00bb, indic\u00f3 el jefe de Estado ante los legisladores.<\/p>\n<p>La previa estuvo marcada por la tensi\u00f3n ya que el kirchnerismo prepar\u00f3 carteles alusivos a Milagro Sala, al \u00abajuste\u00bb en la ciencia y otros con las consignas \u00abPresidente offshore\u00bb. \u00abYo te vi bajar las jubilaciones\u00bb y \u00abYo te vi endeudar\u00bb, fueron algunas de las frases que decoraron las bancas opositoras.<\/p>\n<p>Entre los invitados se lo vio al ex presidente Eduardo Duhalde, sentado entre los ministros y en el palco reservado para los jueces, se ubicaron los cinco integrantes de la Corte Suprema. No asisti\u00f3 Alejandra Gils Carb\u00f3 y desde la Procuraci\u00f3n aseguraron que no fue invitada. Otro ausente fue el diputado Sergio Massa, de viaje por Israel.<\/p>\n<p><strong>EDUCACI\u00d3N Y POBREZA<\/strong><\/p>\n<p>En una cr\u00edtica velada al kirchnerismo, Macri enfatiz\u00f3: \u00abHay menos relato y m\u00e1s verdad\u00bb. \u00abNo creemos en los liderazgos mesi\u00e1nicos, hay que aportar soluciones, dialogando y trabajando juntos\u00bb, dijo. El Presidente se\u00f1al\u00f3 que se trazaron \u00abcien prioridades\u00bb pero enfatiz\u00f3: \u00abMi principal preocupaci\u00f3n y prioridad es reducir la pobreza, gobernar es la tarea humana de acompa\u00f1ar y cuidar a quienes necesitan del Estado\u00bb.<\/p>\n<p>\u00abLa presencia del Estado se traduce en obras de infraestructura social. No podemos permitir que haya 12 millones de argentinos viviendo en villas, sin agua ni servicios b\u00e1sicos. Hablo de esto cuando digo que estamos sentando bases: identificamos las zonas m\u00e1s cr\u00edticas y este a\u00f1o vamos a mejorar situaci\u00f3n de 384.000 familias\u00bb, mencion\u00f3 respecto al \u00edndice de pobreza, que supera los 30 puntos.<\/p>\n<p>En medio del conflicto con los docentes, que no logra saldarse por la discusi\u00f3n paritaria, Macri resalt\u00f3 la importancia de la educaci\u00f3n. \u00abNecesitamos docentes formados, motivados y reconocidos, ense\u00f1en donde ense\u00f1en tienen que poder tener un salario digno\u00bb.<\/p>\n<p>La temperatura subi\u00f3 cuando se refiri\u00f3 a los gremios y gener\u00f3 cr\u00edticas posteriores. Tras la interrupci\u00f3n desde una banca, en alusi\u00f3n a amenazas al gremialista, se\u00f1al\u00f3, \u00abno creo que [Roberto] Baradel necesite que nadie lo cuide&#8230; les pido una ley que agrave las penas a aquellos que agreden a los docentes\u00bb.<\/p>\n<p><strong>ECONOM\u00cdA<\/strong><\/p>\n<p>Macri sentenci\u00f3 que \u00abla inflaci\u00f3n estar\u00e1 bajo control\u00bb. \u00abEs t\u00f3xica, destruye el salario de los trabajadores\u00bb, agreg\u00f3. Nuevamente con una fuerte cr\u00edtica al kirchnerismo se\u00f1al\u00f3 que a la inflaci\u00f3n \u00abla fomentaron y la quisieron esconder\u00bb. \u00abNosotros la enfrentamos y hoy est\u00e1 en claro camino descendente\u00bb, dijo.<\/p>\n<p>El Presidente asegur\u00f3 que en 2016 \u00abel BCRA cumpli\u00f3 con sus metas\u00bb y que el objetivo para 2017 es tener una inflaci\u00f3n entre el 12 y el 17%. \u00abSalimos del default, que nos asil\u00f3 durante 15 a\u00f1os. Eso nos permiti\u00f3 incorporarnos al mundo y tener credibilidad internacional\u00bb, se jact\u00f3 Macri y remarc\u00f3 las medidas de \u00absinceramiento fiscal y pago a los jubilados\u00bb.<\/p>\n<p>Macri resalt\u00f3 al campo argentino como el \u00absupermercado del mundo\u00bb y dijo que se registr\u00f3 \u00abla cosecha m\u00e1s alta de la historia del trigo\u00bb. Respecto a la miner\u00eda, pidi\u00f3 \u00abencontrar entre todos manera responsable de aprovechar la gigantesca potencialidad minera, cuidando el medio ambiente y favoreciendo a la gente\u00bb.<\/p>\n<p>El jefe de Estado anunci\u00f3 \u00abel plan m\u00e1s ambicioso de la historia\u00bb en materia de Transporte. \u00abEn cuatro a\u00f1os, esperamos tener 2800 kil\u00f3metros nuevos de autopistas y ya hay 1100 en construcci\u00f3n\u00bb, manifest\u00f3.<\/p>\n<p><strong>ANTICORRUPCI\u00d3N<\/strong><\/p>\n<p>\u00abLa corrupci\u00f3n es un mal que envicia a lo pol\u00edtico. Detr\u00e1s de la corrupci\u00f3n hay familias sin cloacas y tragedias que se pudieron haber evitado como la de Once\u00bb, lanz\u00f3 en uno de los p\u00e1rrafos m\u00e1s esperados de su discurso. Y sentenci\u00f3: \u00abHoy la obra p\u00fablica dej\u00f3 de ser un sin\u00f3nimo de la corrupci\u00f3n gracias a los ahorros a trav\u00e9s de las licitaciones transparentes\u00bb.<\/p>\n<p>\u00abLa corrupci\u00f3n se combate con la transparencia y la integridad\u00bb dijo Macri. Cabe destacar que esta ma\u00f1ana qued\u00f3 imputado por el fiscal Jorge Di Lello por presuntas irregularidades en la adjudicaci\u00f3n de rutas de cabotaje a Avianca. \u00abPed\u00ed a la Oficina Anticorrupci\u00f3n que cree un mecanismo para separar mi actuaci\u00f3n ante cualquier suspicacia por un potencial conflicto de intereses. Que nadie dude de las decisiones que toma este presidente\u00bb, dijo Macri.<\/p>\n<p>\u00abPublicaremos dos decretos sobre juicios y contrataciones para la prevenci\u00f3n de conflictos de intereses\u00bb, anunci\u00f3.<\/p>\n<p>Otro de los reclamos al Congreso fue el debate de la ley de \u00abresponsabilidad empresaria\u00bb. Se trata de un proyecto de responsabilidad penal para personas jur\u00eddicas (empresas, asociaciones civiles, fundaciones y mutuales), que fue enviado al Congreso en octubre \u00faltimo. Una advertencia a las empresas de que la lucha contra la corrupci\u00f3n tambi\u00e9n requiere un compromiso del sector privado.<\/p>\n<p><strong>INSEGURIDAD Y JUSTICIA<\/strong><\/p>\n<p>El Presidente destac\u00f3 a los problemas de inseguridad como \u00ablas m\u00e1ximas angustias y preocupaciones\u00bb. Destac\u00f3 una nueva \u00abestad\u00edstica criminal\u00bb y el env\u00edo de las fuerzas federales \u00aba los lugares de violencia\u00bb. \u00abEn Rosario redujimos 20 por ciento tasa de homicidios y en m\u00e1s del 30 por ciento la de robos calificados. En la provincia de Buenos Aires asistimos a 31 municipios con fuerzas federales\u00bb, dijo.<\/p>\n<p>Aludi\u00f3 a la Justicia con un fuerte reclamo: \u00abQueremos saber qu\u00e9 pas\u00f3 con el fiscal [Alberto] Nisman y con su denuncia\u00bb. \u00abLa Justicia necesita cambiar, creemos en la Justicia independiente\u00bb dijo Macri. Resalt\u00f3 el programa que fomenta el ministro Germ\u00e1n Garavano de Justicia 2020, para tener un sistema judicial \u00abcercano a la comunidad, moderno, \u00e1gil y transparente\u00bb.<\/p>\n<p>Antes de irse del recinto, Macri levant\u00f3 y mostr\u00f3 con el brazo derecho un paquete de yerba. Se lo hab\u00eda entregado, en medio del discurso, la diputada Mar\u00eda Britez (FpV-Misiones), que se acerc\u00f3 hasta el atril. Era una forma de visibilizar el conflicto de los yerbateros. El Presidente sigui\u00f3 hablando, sin mirarla y recibi\u00f3 el paquete el presidente de la C\u00e1mara baja, Emilio Monz\u00f3, sentado a su derecha.<\/p>\n<p><strong>VIDAL HIZO FOCO EN EL CONFLICTO CON LOS DOCENTES<\/strong><\/p>\n<p>La gobernadora Mar\u00eda Eugenia Vidal dio esta tarde el discurso de apertura de las sesiones ordinarias en la Legislatura bonaerense, y en ese marco se refiri\u00f3 a las elecciones legislativas, la agenda para el congreso provincial este a\u00f1o y la convocatoria a un di\u00e1logo amplio por la seguridad. Algunas de sus intervenciones:<\/p>\n<p>\u00abLa agenda de este a\u00f1o ser\u00e1: ley de declaraciones juradas, obra p\u00fablica, C\u00f3digo Procesal Penal enfocado en la v\u00edctima, ley de tierras fiscales y ley de asociaci\u00f3n p\u00fablico-privada\u00bb.<\/p>\n<p>\u00abEste a\u00f1o, un a\u00f1o electoral, tenemos que seguir dando las peleas que hacen falta. No estamos para el aplauso f\u00e1cil. Esta provincia no soporta m\u00e1s las avivadas. Voy a hacer lo posible para sostener el cambio y voy a pedirle a la gente que nos acompa\u00f1e con su voto\u00bb.<\/p>\n<p>\u00abNos estamos ocupando de la enorme deuda que el pa\u00eds tiene con nosotros. Hubo una pelea que no se dio: la recuperaci\u00f3n del Fondo del Conurbano. Otros gobernadores decidieron callarse. Algunos presidentes anteriores tambi\u00e9n. Nosotros no. Decidimos ir a la Corte y pelear por lo que corresponde. Porque la provincia es la que m\u00e1s aporta al PBI y la que menos recibe\u00bb.<\/p>\n<p>\u00abVoy a convocar a un di\u00e1logo social por la inseguridad. A\u00f1os de pol\u00edtica de seguridad que fueron cambiando con los gobernantes nos han puesto en ese lugar. Se llevaron adelante m\u00e1s de 30 planes diferentes. Por m\u00e1s esfuerzos que hagamos, si no tenemos una pol\u00edtica de largo plazo, los resultados van a ser los mismos\u00bb.<\/p>\n<p>\u00abNo va a hacer\u00a0s\u00f3lo un debate de los pol\u00edticos y la Justicia, vamos a sumar a las iglesias y a las organizaciones sociales para que la conversaci\u00f3n sea amplia y profunda\u00bb.<\/p>\n<p><strong>En uno de los segmentos m\u00e1s duros y extensos de su discurso, la mandataria provincial destin\u00f3 cr\u00edticos mensajes a los dirigentes de los gremios docentes.<\/strong><\/p>\n<p>\u00abA los dirigentes les digo que el camino que eligieron hace unos d\u00edas no es el mejor. No es f\u00e1cil sostener el di\u00e1logo cuando la intencionalidad no es clara. No es f\u00e1cil sostener el di\u00e1logo cuando nos dicen que aun acordando la paritaria no van a empezar las clases. Fue una decisi\u00f3n arbitraria\u00bb, dijo.<\/p>\n<p>En otro tramo, la gobernadora dispar\u00f3 desde el atril: \u00abS\u00e9 que entre los dirigentes sindicales hay personas honestas. No sean funcionales a los que responden solo a sus propios intereses pol\u00edticos\u00bb. A diferencia de Macri, que dijo horas antes que \u00abBaradel no necesita que lo cuiden\u00bb, Vidal no personaliz\u00f3 en ning\u00fan gremialista.<\/p>\n<p>Adem\u00e1s, apunt\u00f3 directo a los maestros: \u00abS\u00e9 que su reclamo es justo. S\u00e9 que est\u00e1n preocupados por la situaci\u00f3n de sus escuelas. Las diferencias que tenemos con los gremios no tiene que ver con lo que queremos, sino con lo que podemos\u00bb, remarc\u00f3. Y remarc\u00f3 que planifica que \u201cel salario no pierda contra la inflaci\u00f3n\u201d.<\/p>\n","protected":false},"excerpt":{"rendered":"<p>Con un balance de su primer a\u00f1o de gesti\u00f3n y una agenda con hincapi\u00e9 en la educaci\u00f3n, la econom\u00eda y la transparencia, Mauricio Macri brind\u00f3 un discurso de una hora frente a la Asamblea Legislativa para inaugurar las sesiones ordinarias en el Congreso. Tras aludir al kirchnerismo como una \u00abd\u00e9cada de despilfarro y corrupci\u00f3n\u00bb, el [&hellip;]<\/p>\n","protected":false},"author":1,"featured_media":6682,"comment_status":"closed","ping_status":"open","sticky":false,"template":"","format":"standard","meta":{"footnotes":""},"categories":[30,48,31],"tags":[],"class_list":{"0":"post-6681","1":"post","2":"type-post","3":"status-publish","4":"format-standard","5":"has-post-thumbnail","7":"category-nacion","8":"category-politica-argentina","9":"category-provincia"},"aioseo_notices":[],"_links":{"self":[{"href":"https:\/\/guiadenoticias.com.ar\/diario\/wp-json\/wp\/v2\/posts\/6681","targetHints":{"allow":["GET"]}}],"collection":[{"href":"https:\/\/guiadenoticias.com.ar\/diario\/wp-json\/wp\/v2\/posts"}],"about":[{"href":"https:\/\/guiadenoticias.com.ar\/diario\/wp-json\/wp\/v2\/types\/post"}],"author":[{"embeddable":true,"href":"https:\/\/guiadenoticias.com.ar\/diario\/wp-json\/wp\/v2\/users\/1"}],"replies":[{"embeddable":true,"href":"https:\/\/guiadenoticias.com.ar\/diario\/wp-json\/wp\/v2\/comments?post=6681"}],"version-history":[{"count":4,"href":"https:\/\/guiadenoticias.com.ar\/diario\/wp-json\/wp\/v2\/posts\/6681\/revisions"}],"predecessor-version":[{"id":6686,"href":"https:\/\/guiadenoticias.com.ar\/diario\/wp-json\/wp\/v2\/posts\/6681\/revisions\/6686"}],"wp:featuredmedia":[{"embeddable":true,"href":"https:\/\/guiadenoticias.com.ar\/diario\/wp-json\/wp\/v2\/media\/6682"}],"wp:attachment":[{"href":"https:\/\/guiadenoticias.com.ar\/diario\/wp-json\/wp\/v2\/media?parent=6681"}],"wp:term":[{"taxonomy":"category","embeddable":true,"href":"https:\/\/guiadenoticias.com.ar\/diario\/wp-json\/wp\/v2\/categories?post=6681"},{"taxonomy":"post_tag","embeddable":true,"href":"https:\/\/guiadenoticias.com.ar\/diario\/wp-json\/wp\/v2\/tags?post=6681"}],"curies":[{"name":"wp","href":"https:\/\/api.w.org\/{rel}","templated":true}]}}