{"id":6699,"date":"2017-03-03T02:23:30","date_gmt":"2017-03-03T05:23:30","guid":{"rendered":"http:\/\/guiadenoticias.com.ar\/diario\/?p=6699"},"modified":"2017-03-03T02:23:51","modified_gmt":"2017-03-03T05:23:51","slug":"valenzuela-anuncio-mejoras-para-los-jardines-de-infantes-municipales","status":"publish","type":"post","link":"https:\/\/guiadenoticias.com.ar\/diario\/valenzuela-anuncio-mejoras-para-los-jardines-de-infantes-municipales\/","title":{"rendered":"Valenzuela anunci\u00f3 mejoras para los jardines de infantes municipales"},"content":{"rendered":"<p>En un encuentro con las directoras y maestras de los 27 jardines municipales, el intendente de Tres de Febrero, Diego Valenzuela, y la secretaria de Educaci\u00f3n y Cultura, Mercedes Sanguineti, presentaron las mejoras que la Comuna implement\u00f3 en la educaci\u00f3n inicial.<\/p>\n<p>Una de las primeras medidas fue la creaci\u00f3n de la Coordinaci\u00f3n de los Jardines de Infantes, para estar m\u00e1s cerca desde la Direcci\u00f3n de Primera Infancia y atender las principales necesidades. Para este nuevo ciclo lectivo se ampli\u00f3 la cobertura educativa para 258 chicos con la apertura de seis salas de dos a\u00f1os y seis salas de tres y cuatro a\u00f1os. Tambi\u00e9n se logr\u00f3 la equiparaci\u00f3n de sueldos entre las docentes municipales y las de DIPREGEP.<\/p>\n<p>Contin\u00faan las obras de infraestructura que comenzaron en 2015 con la inauguraci\u00f3n de los jardines \u201cQuinquela Mart\u00edn\u201d del barrio Ej\u00e9rcito de los Andes y \u201cHormiguita Viajera\u201d de Villa Bosch. Pr\u00f3ximamente se inaugurar\u00e1n los jardines \u201cEl Libertador\u201d, \u201cTernuritas\u201d, \u201cDumbo\u201d, \u201cJilguerillo\u201d, \u201cDespertar\u201d, \u201cEl Gauchito\u201d, \u201cBambi\u201d, \u201cNubecita\u201d, \u201cLeoncito\u201d y \u201cArdillitas traviesas\u201d. La renovaci\u00f3n de los establecimientos implica la incorporaci\u00f3n de nuevo mobiliario, juegos para los patios, computadoras, impresoras y materiales de librer\u00eda. Tambi\u00e9n se abrir\u00e1 una caja chica por jard\u00edn para aliviar el gasto de la comunidad y utilizar el aporte de las familias para salidas educativas o actividades que fortalezcan los aprendizajes.<\/p>\n<p>Adem\u00e1s, de la mano de la Fundaci\u00f3n San Andr\u00e9s y la Universidad de San Andr\u00e9s se implementa como prueba piloto un programa de Educaci\u00f3n en las Emociones en cinco jardines de infantes, para fortalecer las comunidades educativas. Mediante el programa Descubriendo 3F hay salidas educativas que se ajusten al proyecto pedag\u00f3gico de cada jard\u00edn.<\/p>\n<p>Al igual que en 2016, contin\u00faan con los desayunos y meriendas saludables y con las campa\u00f1as de vacunaci\u00f3n y prevenci\u00f3n con la Secretar\u00eda de Salud. La nueva Coordinaci\u00f3n de los Jardines de Infantes trabajar\u00e1 de manera coordinada con todas las \u00e1reas de la Municipalidad para que acerquen propuestas de trabajo y capacitaciones que fortalezcan a la comunidad educativa. \u201cLa infancia y los jardines municipales son prioridad para nosotros, por eso seguimos apostando al bienestar y a una mejor calidad en la educaci\u00f3n inicial de los nenes y nenas de Tres de Febrero\u201d, expres\u00f3 Valenzuela.<\/p>\n","protected":false},"excerpt":{"rendered":"<p>En un encuentro con las directoras y maestras de los 27 jardines municipales, el intendente de Tres de Febrero, Diego Valenzuela, y la secretaria de Educaci\u00f3n y Cultura, Mercedes Sanguineti, presentaron las mejoras que la Comuna implement\u00f3 en la educaci\u00f3n inicial. Una de las primeras medidas fue la creaci\u00f3n de la Coordinaci\u00f3n de los Jardines [&hellip;]<\/p>\n","protected":false},"author":1,"featured_media":6700,"comment_status":"closed","ping_status":"open","sticky":false,"template":"","format":"standard","meta":{"footnotes":""},"categories":[20,26],"tags":[],"class_list":{"0":"post-6699","1":"post","2":"type-post","3":"status-publish","4":"format-standard","5":"has-post-thumbnail","7":"category-municipios","8":"category-tres-de-febrero"},"aioseo_notices":[],"_links":{"self":[{"href":"https:\/\/guiadenoticias.com.ar\/diario\/wp-json\/wp\/v2\/posts\/6699","targetHints":{"allow":["GET"]}}],"collection":[{"href":"https:\/\/guiadenoticias.com.ar\/diario\/wp-json\/wp\/v2\/posts"}],"about":[{"href":"https:\/\/guiadenoticias.com.ar\/diario\/wp-json\/wp\/v2\/types\/post"}],"author":[{"embeddable":true,"href":"https:\/\/guiadenoticias.com.ar\/diario\/wp-json\/wp\/v2\/users\/1"}],"replies":[{"embeddable":true,"href":"https:\/\/guiadenoticias.com.ar\/diario\/wp-json\/wp\/v2\/comments?post=6699"}],"version-history":[{"count":1,"href":"https:\/\/guiadenoticias.com.ar\/diario\/wp-json\/wp\/v2\/posts\/6699\/revisions"}],"predecessor-version":[{"id":6701,"href":"https:\/\/guiadenoticias.com.ar\/diario\/wp-json\/wp\/v2\/posts\/6699\/revisions\/6701"}],"wp:featuredmedia":[{"embeddable":true,"href":"https:\/\/guiadenoticias.com.ar\/diario\/wp-json\/wp\/v2\/media\/6700"}],"wp:attachment":[{"href":"https:\/\/guiadenoticias.com.ar\/diario\/wp-json\/wp\/v2\/media?parent=6699"}],"wp:term":[{"taxonomy":"category","embeddable":true,"href":"https:\/\/guiadenoticias.com.ar\/diario\/wp-json\/wp\/v2\/categories?post=6699"},{"taxonomy":"post_tag","embeddable":true,"href":"https:\/\/guiadenoticias.com.ar\/diario\/wp-json\/wp\/v2\/tags?post=6699"}],"curies":[{"name":"wp","href":"https:\/\/api.w.org\/{rel}","templated":true}]}}