{"id":6702,"date":"2017-03-03T02:48:08","date_gmt":"2017-03-03T05:48:08","guid":{"rendered":"http:\/\/guiadenoticias.com.ar\/diario\/?p=6702"},"modified":"2017-03-03T02:53:24","modified_gmt":"2017-03-03T05:53:24","slug":"katopodis-define-con-sindicatos-participacion-en-movilizacion-del-7m","status":"publish","type":"post","link":"https:\/\/guiadenoticias.com.ar\/diario\/katopodis-define-con-sindicatos-participacion-en-movilizacion-del-7m\/","title":{"rendered":"Katopodis define con sindicatos la participaci\u00f3n del 7M"},"content":{"rendered":"<p>En un agobiante auditorio de la UOM San Mart\u00edn tuvo lugar un encuentro pol\u00edtico sindical en el cual se ajustaron detalles para la movilizaci\u00f3n del 7 de marzo. En el panel estuvieron el intendente Gabriel Katopodis, H\u00e9ctor Daer, diputado y miembro del triunvirato de la CGT, Rodolfo Daer y el diputado nacional Leonardo Grosso, entre otros.<\/p>\n<p>Participaron del plenario adem\u00e1s del anfitri\u00f3n, Osvaldo Lobato, representantes de textiles, curtidores, docentes, bancarios, vidrio, alimentaci\u00f3n. Adem\u00e1s, dijeron presente varios dirigentes pol\u00edticos locales y de distritos vecinos como Tres de Febrero.<\/p>\n<p>En su intervenci\u00f3n el jefe comunal se\u00f1al\u00f3: \u201cNosotros compartimos la preocupaci\u00f3n que tienen cientos de miles de trabajadores y vamos a acompa\u00f1arlos en la movilizaci\u00f3n\u201d. Y agreg\u00f3: \u201cHay un Presidente que describe una realidad que est\u00e1 desenganchada de la angustia y los problemas de los vecinos, comerciantes y laburantes\u201d.<\/p>\n<p>Y a\u00f1adi\u00f3, \u201cnecesitamos que el gobierno nacional ponga en marcha una agenda que incluya a los trabajadores y a las Pymes, y que no tenga solamente respuestas para algunos sectores de esta sociedad\u201d.<\/p>\n<p>En el cierre, H\u00e9ctor Daer remarc\u00f3 que \u201clos empresarios no cumplieron con el acuerdo alcanzado en 2016 y el Gobierno no hizo nada. Les abri\u00f3 las puertas para que cada uno haga lo que quiera\u201d.<\/p>\n<p>Por lo tanto, consider\u00f3 que \u201ces el momento clave de expresarnos. Esta movilizaci\u00f3n nos trasciende, es de las v\u00edctimas que padecen este modelo econ\u00f3mico\u201d, y pidi\u00f3, \u201cun cambio estructural en la pol\u00edtica econ\u00f3mica\u201d.<\/p>\n","protected":false},"excerpt":{"rendered":"<p>En un agobiante auditorio de la UOM San Mart\u00edn tuvo lugar un encuentro pol\u00edtico sindical en el cual se ajustaron detalles para la movilizaci\u00f3n del 7 de marzo. En el panel estuvieron el intendente Gabriel Katopodis, H\u00e9ctor Daer, diputado y miembro del triunvirato de la CGT, Rodolfo Daer y el diputado nacional Leonardo Grosso, entre [&hellip;]<\/p>\n","protected":false},"author":1,"featured_media":6703,"comment_status":"closed","ping_status":"open","sticky":false,"template":"","format":"standard","meta":{"footnotes":""},"categories":[49,20,48,24],"tags":[],"class_list":{"0":"post-6702","1":"post","2":"type-post","3":"status-publish","4":"format-standard","5":"has-post-thumbnail","7":"category-economia-y-gremiales","8":"category-municipios","9":"category-politica-argentina","10":"category-san-martin"},"aioseo_notices":[],"_links":{"self":[{"href":"https:\/\/guiadenoticias.com.ar\/diario\/wp-json\/wp\/v2\/posts\/6702","targetHints":{"allow":["GET"]}}],"collection":[{"href":"https:\/\/guiadenoticias.com.ar\/diario\/wp-json\/wp\/v2\/posts"}],"about":[{"href":"https:\/\/guiadenoticias.com.ar\/diario\/wp-json\/wp\/v2\/types\/post"}],"author":[{"embeddable":true,"href":"https:\/\/guiadenoticias.com.ar\/diario\/wp-json\/wp\/v2\/users\/1"}],"replies":[{"embeddable":true,"href":"https:\/\/guiadenoticias.com.ar\/diario\/wp-json\/wp\/v2\/comments?post=6702"}],"version-history":[{"count":2,"href":"https:\/\/guiadenoticias.com.ar\/diario\/wp-json\/wp\/v2\/posts\/6702\/revisions"}],"predecessor-version":[{"id":6706,"href":"https:\/\/guiadenoticias.com.ar\/diario\/wp-json\/wp\/v2\/posts\/6702\/revisions\/6706"}],"wp:featuredmedia":[{"embeddable":true,"href":"https:\/\/guiadenoticias.com.ar\/diario\/wp-json\/wp\/v2\/media\/6703"}],"wp:attachment":[{"href":"https:\/\/guiadenoticias.com.ar\/diario\/wp-json\/wp\/v2\/media?parent=6702"}],"wp:term":[{"taxonomy":"category","embeddable":true,"href":"https:\/\/guiadenoticias.com.ar\/diario\/wp-json\/wp\/v2\/categories?post=6702"},{"taxonomy":"post_tag","embeddable":true,"href":"https:\/\/guiadenoticias.com.ar\/diario\/wp-json\/wp\/v2\/tags?post=6702"}],"curies":[{"name":"wp","href":"https:\/\/api.w.org\/{rel}","templated":true}]}}