{"id":6711,"date":"2017-03-04T01:00:29","date_gmt":"2017-03-04T04:00:29","guid":{"rendered":"http:\/\/guiadenoticias.com.ar\/diario\/?p=6711"},"modified":"2017-03-04T01:00:41","modified_gmt":"2017-03-04T04:00:41","slug":"propuesta-cultural-en-san-isidro-por-el-dia-de-la-mujer","status":"publish","type":"post","link":"https:\/\/guiadenoticias.com.ar\/diario\/propuesta-cultural-en-san-isidro-por-el-dia-de-la-mujer\/","title":{"rendered":"Propuesta cultural en San Isidro por el D\u00eda de la Mujer"},"content":{"rendered":"<p>Con motivo de celebrar el D\u00eda de la Mujer, el s\u00e1bado 4 de marzo, desde las 15.30, en el Centro Municipal de Exposiciones de San Isidro (Del Barco Centenera y el r\u00edo) se realizar\u00e1 una jornada con propuestas culturales pensada para toda la familia.<\/p>\n<p>La iniciativa, llamada \u201c\u00a1Mujeres! La experiencia de ser humano hembra\u201d y organizada por la Subsecretar\u00eda General de Cultura, invita a la comunidad a pensar en la mujer en un contexto completo, enfatizando en la violencia de g\u00e9nero, los prejuicios y la vulnerabilidad en distintos \u00e1mbitos. La entrada es libre y gratuita.<\/p>\n<p>\u201cEn este encuentro, pensado para comprender m\u00e1s que para confrontar, e ideado para hombres, mujeres y familias con ni\u00f1os peque\u00f1os, proponemos un cruce de miradas, un espacio para reconocernos. Habr\u00e1 mujeres en primera persona, y esperamos que ellas nos cuenten su experiencia de lo cotidiano, fuera de todo estereotipo\u201d, expres\u00f3 Eleonora Jaureguiberry, subsecretaria General de Cultura.<\/p>\n<p>Y agreg\u00f3: \u201cConfiamos tambi\u00e9n en las artistas para transmitir con humor, belleza y poes\u00eda, la experiencia de ser humano hembra. En este festival tambi\u00e9n confiamos en la mirada de los hombres y en su aporte a la conversaci\u00f3n. Estamos, como mujeres, ante un largo camino, un trabajo diario en constante proceso en el que este encuentro pretende ser un eslab\u00f3n m\u00e1s\u201d.<\/p>\n<p>En caso de lluvia se pasa al domingo 5 de marzo.<\/p>\n<p><strong>Propuestas durante la jornada:<\/strong><\/p>\n<p>Mujeres que hacen, hablan y transmiten<\/p>\n<p>La m\u00fasica, en clave femenina<\/p>\n<p>Pensar desde el juego<\/p>\n<p><strong>Horarios y programaci\u00f3n:<\/strong><\/p>\n<p>18.30- 19.15- Mesa de mujeres<\/p>\n<p>19.30.\u00a0 Mesa de hombres<\/p>\n<p>Desde las 16, espect\u00e1culos y gastronom\u00eda.<\/p>\n","protected":false},"excerpt":{"rendered":"<p>Con motivo de celebrar el D\u00eda de la Mujer, el s\u00e1bado 4 de marzo, desde las 15.30, en el Centro Municipal de Exposiciones de San Isidro (Del Barco Centenera y el r\u00edo) se realizar\u00e1 una jornada con propuestas culturales pensada para toda la familia. La iniciativa, llamada \u201c\u00a1Mujeres! La experiencia de ser humano hembra\u201d y [&hellip;]<\/p>\n","protected":false},"author":1,"featured_media":6712,"comment_status":"closed","ping_status":"open","sticky":false,"template":"","format":"standard","meta":{"footnotes":""},"categories":[50,20,21],"tags":[],"class_list":{"0":"post-6711","1":"post","2":"type-post","3":"status-publish","4":"format-standard","5":"has-post-thumbnail","7":"category-cultura","8":"category-municipios","9":"category-san-isidro"},"aioseo_notices":[],"_links":{"self":[{"href":"https:\/\/guiadenoticias.com.ar\/diario\/wp-json\/wp\/v2\/posts\/6711","targetHints":{"allow":["GET"]}}],"collection":[{"href":"https:\/\/guiadenoticias.com.ar\/diario\/wp-json\/wp\/v2\/posts"}],"about":[{"href":"https:\/\/guiadenoticias.com.ar\/diario\/wp-json\/wp\/v2\/types\/post"}],"author":[{"embeddable":true,"href":"https:\/\/guiadenoticias.com.ar\/diario\/wp-json\/wp\/v2\/users\/1"}],"replies":[{"embeddable":true,"href":"https:\/\/guiadenoticias.com.ar\/diario\/wp-json\/wp\/v2\/comments?post=6711"}],"version-history":[{"count":1,"href":"https:\/\/guiadenoticias.com.ar\/diario\/wp-json\/wp\/v2\/posts\/6711\/revisions"}],"predecessor-version":[{"id":6713,"href":"https:\/\/guiadenoticias.com.ar\/diario\/wp-json\/wp\/v2\/posts\/6711\/revisions\/6713"}],"wp:featuredmedia":[{"embeddable":true,"href":"https:\/\/guiadenoticias.com.ar\/diario\/wp-json\/wp\/v2\/media\/6712"}],"wp:attachment":[{"href":"https:\/\/guiadenoticias.com.ar\/diario\/wp-json\/wp\/v2\/media?parent=6711"}],"wp:term":[{"taxonomy":"category","embeddable":true,"href":"https:\/\/guiadenoticias.com.ar\/diario\/wp-json\/wp\/v2\/categories?post=6711"},{"taxonomy":"post_tag","embeddable":true,"href":"https:\/\/guiadenoticias.com.ar\/diario\/wp-json\/wp\/v2\/tags?post=6711"}],"curies":[{"name":"wp","href":"https:\/\/api.w.org\/{rel}","templated":true}]}}