{"id":6720,"date":"2017-03-04T02:13:56","date_gmt":"2017-03-04T05:13:56","guid":{"rendered":"http:\/\/guiadenoticias.com.ar\/diario\/?p=6720"},"modified":"2017-03-04T02:14:07","modified_gmt":"2017-03-04T05:14:07","slug":"inseguridad-para-el-kirchnerismo-lucioni-cumplio-un-ciclo","status":"publish","type":"post","link":"https:\/\/guiadenoticias.com.ar\/diario\/inseguridad-para-el-kirchnerismo-lucioni-cumplio-un-ciclo\/","title":{"rendered":"Inseguridad: para el kirchnerismo, Lucioni \u201ccumpli\u00f3 un ciclo\u201d"},"content":{"rendered":"<p>La \u201cMesa Cristina Conducci\u00f3n\u201d expuso en conferencia de prensa un documento consensuado exigiendo al intendente de Tres de Febrero, Diego Valenzuela, la \u201cremoci\u00f3n\u201d de su cargo del secretario de Seguridad, Juan Manuel Lucioni.<\/p>\n<p>Ese espacio, conformado por el curtismo, La C\u00e1mpora, Nuevo Encuentro y otras agrupaciones, reaccion\u00f3 pol\u00edticamente a la sucesi\u00f3n de hechos delictivos sufridos por vecinos del distrito las \u00faltimas semanas.<\/p>\n<p>\u201cPedimos la renuncia por sus antecedentes. Pero lo que hoy ponemos en tela de juicio es la situaci\u00f3n de la seguridad en Tres de Febrero\u201d, explic\u00f3 el ex concejal Nelson Romero, dirigente del MNA de Moreau.<\/p>\n<p>En ese sentido, los dirigentes kirchneristas recordaron que el actual funcionario fue exonerado del Ej\u00e9rcito por apoyar reclamos de familias de v\u00edctimas de la guerrilla de los a\u00f1os \u00b470.<\/p>\n<p>\u201cLucioni present\u00f3 un plan de seguridad en septiembre en el Deliberante. Prometi\u00f3 que lo iba a enviar a los concejales y no lo hizo. Desde entonces pedimos reiteradamente informaci\u00f3n que nunca recibimos\u201d,\u00a0 ampli\u00f3 M\u00e1ximo Rodr\u00edguez, presidente del bloque FpV en el HCD.<\/p>\n<p>Adem\u00e1s, estim\u00f3 que por la demora en la construcci\u00f3n de un nuevo COM en la ex Tuc\u00e1n (Villa Bosch), el presupuesto para seguridad en 2016 habr\u00eda sido subejecutado en 140 millones de pesos.Y prometi\u00f3, \u201cvamos a insistir con los dem\u00e1s bloques pol\u00edticos con la interpelaci\u00f3n del secretario. Creemos que ya cumpli\u00f3 una etapa\u201d.<\/p>\n<p>\u201cYa le hab\u00edamos dicho al intendente que designar a Lucioni era un error no s\u00f3lo porque sus resultados en seguridad privada no eran positivos, sino por su posicionamiento ideol\u00f3gico\u201d, concluy\u00f3.<\/p>\n<p><strong>RESPONSABILIDADES POL\u00cdTICAS<\/strong><\/p>\n<p>Juan Debandi, diputado provincial, consider\u00f3 que la falta de seguridad \u201cno tiene que ver s\u00f3lo con recursos econ\u00f3micos. Falta conciencia de que hay otras herramientas que no son la coerci\u00f3n como mecanismo para ejercer la seguridad, sino pol\u00edticas inclusivas que fueron dejadas de lado\u201d.<\/p>\n<p>Carg\u00f3 la responsabilidad pol\u00edtica en el mandatario local, independientemente de las gestiones nacionales y provinciales o de un posible arrastre hist\u00f3rico del problema. \u201cLa soluci\u00f3n a los problemas de seguridad la tiene que tener el intendente Diego Valenzuela\u201d,\u00a0 pero en cambio \u201cmantiene personas en su cargo no s\u00f3lo incapaces sino con pensamiento antidemocr\u00e1tico\u201d.<\/p>\n<p>Por otro lado, aunque los dirigentes aceptaron que ya era delicada la situaci\u00f3n seguridad, as\u00ed como venta de drogas, en tiempos de Hugo Curto, \u201cse agrav\u00f3 en los \u00faltimos meses\u201d.\u00a0 Y consultados sobre que propuestas que ofrecen para la seguridad, sostuvieron\u00a0 que \u201cnuestra responsabilidad es ser una oposici\u00f3n constructiva\u201d y pidieron m\u00e1s \u201cpol\u00edticas de inclusi\u00f3n\u00bb.<\/p>\n<p>En la sesi\u00f3n del Concejo Deliberante de este viernes la sucesi\u00f3n de hechos de inseguridad fue uno de los temas candentes. La pol\u00e9mica la encendi\u00f3 el FpV pidiendo datos concretos de la ejecuci\u00f3n de la pol\u00edtica de seguridad, a la que se sum\u00f3 el Frente Renovador.<\/p>\n<p><strong>CUESTIONAMIENTOS A TONIOLO<\/strong><\/p>\n<p>Otra apuntada por la Mesa Cristina Conducci\u00f3n en la declaraci\u00f3n conjunta es la subsecretaria de Desarrollo Humano, Marcela Toniolo, quien meses atr\u00e1s public\u00f3 tuits que provocaron pol\u00e9mica por un supuesto tono discriminador a los sectores populares.<\/p>\n<p>\u201cPara nosotros como piense un funcionario no queda en la \u00f3rbita privada, sino que una subsecretaria de Desarrollo Social gestiona como piensa, en contra y no respetando los derechos humanos\u201d, sentenci\u00f3 Carla Ramos. \u00a0Por esta raz\u00f3n, tambi\u00e9n reclaman su remoci\u00f3n.<\/p>\n","protected":false},"excerpt":{"rendered":"<p>La \u201cMesa Cristina Conducci\u00f3n\u201d expuso en conferencia de prensa un documento consensuado exigiendo al intendente de Tres de Febrero, Diego Valenzuela, la \u201cremoci\u00f3n\u201d de su cargo del secretario de Seguridad, Juan Manuel Lucioni. Ese espacio, conformado por el curtismo, La C\u00e1mpora, Nuevo Encuentro y otras agrupaciones, reaccion\u00f3 pol\u00edticamente a la sucesi\u00f3n de hechos delictivos sufridos [&hellip;]<\/p>\n","protected":false},"author":1,"featured_media":6722,"comment_status":"closed","ping_status":"open","sticky":false,"template":"","format":"standard","meta":{"footnotes":""},"categories":[20,48,26],"tags":[],"class_list":{"0":"post-6720","1":"post","2":"type-post","3":"status-publish","4":"format-standard","5":"has-post-thumbnail","7":"category-municipios","8":"category-politica-argentina","9":"category-tres-de-febrero"},"aioseo_notices":[],"_links":{"self":[{"href":"https:\/\/guiadenoticias.com.ar\/diario\/wp-json\/wp\/v2\/posts\/6720","targetHints":{"allow":["GET"]}}],"collection":[{"href":"https:\/\/guiadenoticias.com.ar\/diario\/wp-json\/wp\/v2\/posts"}],"about":[{"href":"https:\/\/guiadenoticias.com.ar\/diario\/wp-json\/wp\/v2\/types\/post"}],"author":[{"embeddable":true,"href":"https:\/\/guiadenoticias.com.ar\/diario\/wp-json\/wp\/v2\/users\/1"}],"replies":[{"embeddable":true,"href":"https:\/\/guiadenoticias.com.ar\/diario\/wp-json\/wp\/v2\/comments?post=6720"}],"version-history":[{"count":1,"href":"https:\/\/guiadenoticias.com.ar\/diario\/wp-json\/wp\/v2\/posts\/6720\/revisions"}],"predecessor-version":[{"id":6723,"href":"https:\/\/guiadenoticias.com.ar\/diario\/wp-json\/wp\/v2\/posts\/6720\/revisions\/6723"}],"wp:featuredmedia":[{"embeddable":true,"href":"https:\/\/guiadenoticias.com.ar\/diario\/wp-json\/wp\/v2\/media\/6722"}],"wp:attachment":[{"href":"https:\/\/guiadenoticias.com.ar\/diario\/wp-json\/wp\/v2\/media?parent=6720"}],"wp:term":[{"taxonomy":"category","embeddable":true,"href":"https:\/\/guiadenoticias.com.ar\/diario\/wp-json\/wp\/v2\/categories?post=6720"},{"taxonomy":"post_tag","embeddable":true,"href":"https:\/\/guiadenoticias.com.ar\/diario\/wp-json\/wp\/v2\/tags?post=6720"}],"curies":[{"name":"wp","href":"https:\/\/api.w.org\/{rel}","templated":true}]}}