{"id":6727,"date":"2017-03-04T22:28:32","date_gmt":"2017-03-05T01:28:32","guid":{"rendered":"http:\/\/guiadenoticias.com.ar\/diario\/?p=6727"},"modified":"2017-03-04T22:33:57","modified_gmt":"2017-03-05T01:33:57","slug":"katopodis-el-movimiento-obrero-decidio-plantearle-un-cambio-de-rumbo-al-gobierno","status":"publish","type":"post","link":"https:\/\/guiadenoticias.com.ar\/diario\/katopodis-el-movimiento-obrero-decidio-plantearle-un-cambio-de-rumbo-al-gobierno\/","title":{"rendered":"Katopodis,\u201cel movimiento obrero decidi\u00f3 plantearle un cambio de rumbo al gobierno\u201d"},"content":{"rendered":"<p>Gabriel Katopodis fue un actor central en la convocatoria que en la UOM San Mart\u00edn reuni\u00f3 a sindicalistas y dirigentes pol\u00edticos. All\u00ed, con la presencia de H\u00e9ctor Daer, miembro del triunvirato de la CGT, ajustaron detalles para el 7 M. En ese marco, el intendente dialog\u00f3 con Gu\u00eda de Noticias.<\/p>\n<p><strong>\u00bfC\u00f3mo visualiza que ser\u00e1 la movilizaci\u00f3n del 7 de marzo? \u00bfSer\u00e1 representativa de todo el movimiento obrero?<\/strong><\/p>\n<p>Me parece que va a ser una respuesta pol\u00edtica a un gobierno que no escucha a los trabajadores, que no escucha a las Pymes, que cuida claramente los intereses de grandes grupos econ\u00f3micos y est\u00e1 muy lejos del ciudadano de a pie, del trabajador de la clase media.<\/p>\n<p>Hay una CGT unificada que supo tener la responsabilidad de esperar, de convocar al di\u00e1logo, pero que necesita hoy poner un freno para que este gobierno tome nota de lo que pasa. Lo que ocurrir\u00e1 el 7 es importante porque ya no hay posibilidades de seguir esperando; el movimiento obrero decidi\u00f3 ganar la calle y plantearle un cambio de rumbo al gobierno.<\/p>\n<p><strong>Luego de estas movilizaciones vienen los paros nacionales\u2026<\/strong><\/p>\n<p>Lo primero que viene es que el gobierno tome nota y convoque a la CGT y distintos sectores obreros para dialogar y encontrar respuesta. La responsabilidad la tiene el gobierno, de plantear una agenda que se cumpla, a favor de los trabajadores. Si eso no pasa, si el gobierno como ocurre con los docentes, no entiende lo que pasa en cada uno de los sectores, naturalmente se va a convocar a un paro nacional.<\/p>\n<p><strong>\u00bfDespu\u00e9s de las aperturas de sesiones de Macri y Vidal confirma que hay distintos proyectos de pa\u00eds?<\/strong><\/p>\n<p>El Presidente describi\u00f3 una Argentina que puede existir en el escritorio de alg\u00fan economista, puede estar reflejada en alg\u00fan barrio c\u00e9ntrico de la Ciudad de Buenos Aires, pero est\u00e1 muy alejado de la realidad concreta y cotidiana de cada rinc\u00f3n del pa\u00eds, y fundamentalmente de lo que pasa en la Provincia. Refleja a un gobierno que est\u00e1 lejos, que no entiende lo que pasa en la calle (\u2026). Hay decisi\u00f3n del movimiento obrero y tambi\u00e9n del peronismo de ponerle un freno a estas pol\u00edticas.<\/p>\n<p><strong>\u00bfLa sinergia entre los sindicatos y el peronismo corre riesgo de fractura o va camino a consolidarse?<\/strong><\/p>\n<p>Es la responsabilidad que tenemos todos de consolidar un proceso de unidad que signifique llegar con una alternativa electoral opositora fuerte en las pr\u00f3ximas elecciones. Es la tarea m\u00e1s importante que tenemos, despu\u00e9s llegar\u00e1 el momento de las candidaturas, lo primero es tener una visi\u00f3n com\u00fan.<\/p>\n<p><strong>\u00bfLe result\u00f3 inc\u00f3moda la foto con M\u00e1ximo Kirchner en San Vicente?<\/strong><\/p>\n<p>Me parece que lo importante de ese encuentro, m\u00e1s all\u00e1 de las fotos y los dirigentes, es que estaban representados todos los sectores. Es un paso m\u00e1s en esta idea de unidad, donde todos los sectores tienen parte de la verdad. Tenemos que sumar a todos para generar la unidad del peronismo y una alternativa cre\u00edble.<\/p>\n<p><strong>El municipio mult\u00f3 a Edenor, pero la empresa avis\u00f3 que no pagar\u00e1. \u00bfC\u00f3mo sigue el tema?<\/strong><\/p>\n<p>Seguramente ser\u00e1 en instancia judicial en donde se termine de resolver. Creemos que tenemos la competencia de sancionar a una empresa que incumple con un fallo de la Justicia, en este caso a favor de los clubes de barrio. Es una empresa que incumple en el servicio y no respeta, adem\u00e1s, un amparo judicial.<\/p>\n","protected":false},"excerpt":{"rendered":"<p>Gabriel Katopodis fue un actor central en la convocatoria que en la UOM San Mart\u00edn reuni\u00f3 a sindicalistas y dirigentes pol\u00edticos. All\u00ed, con la presencia de H\u00e9ctor Daer, miembro del triunvirato de la CGT, ajustaron detalles para el 7 M. En ese marco, el intendente dialog\u00f3 con Gu\u00eda de Noticias. \u00bfC\u00f3mo visualiza que ser\u00e1 la [&hellip;]<\/p>\n","protected":false},"author":1,"featured_media":6728,"comment_status":"closed","ping_status":"open","sticky":false,"template":"","format":"standard","meta":{"footnotes":""},"categories":[49,20,48,24],"tags":[],"class_list":{"0":"post-6727","1":"post","2":"type-post","3":"status-publish","4":"format-standard","5":"has-post-thumbnail","7":"category-economia-y-gremiales","8":"category-municipios","9":"category-politica-argentina","10":"category-san-martin"},"aioseo_notices":[],"_links":{"self":[{"href":"https:\/\/guiadenoticias.com.ar\/diario\/wp-json\/wp\/v2\/posts\/6727","targetHints":{"allow":["GET"]}}],"collection":[{"href":"https:\/\/guiadenoticias.com.ar\/diario\/wp-json\/wp\/v2\/posts"}],"about":[{"href":"https:\/\/guiadenoticias.com.ar\/diario\/wp-json\/wp\/v2\/types\/post"}],"author":[{"embeddable":true,"href":"https:\/\/guiadenoticias.com.ar\/diario\/wp-json\/wp\/v2\/users\/1"}],"replies":[{"embeddable":true,"href":"https:\/\/guiadenoticias.com.ar\/diario\/wp-json\/wp\/v2\/comments?post=6727"}],"version-history":[{"count":5,"href":"https:\/\/guiadenoticias.com.ar\/diario\/wp-json\/wp\/v2\/posts\/6727\/revisions"}],"predecessor-version":[{"id":6733,"href":"https:\/\/guiadenoticias.com.ar\/diario\/wp-json\/wp\/v2\/posts\/6727\/revisions\/6733"}],"wp:featuredmedia":[{"embeddable":true,"href":"https:\/\/guiadenoticias.com.ar\/diario\/wp-json\/wp\/v2\/media\/6728"}],"wp:attachment":[{"href":"https:\/\/guiadenoticias.com.ar\/diario\/wp-json\/wp\/v2\/media?parent=6727"}],"wp:term":[{"taxonomy":"category","embeddable":true,"href":"https:\/\/guiadenoticias.com.ar\/diario\/wp-json\/wp\/v2\/categories?post=6727"},{"taxonomy":"post_tag","embeddable":true,"href":"https:\/\/guiadenoticias.com.ar\/diario\/wp-json\/wp\/v2\/tags?post=6727"}],"curies":[{"name":"wp","href":"https:\/\/api.w.org\/{rel}","templated":true}]}}