{"id":6735,"date":"2017-03-05T21:52:57","date_gmt":"2017-03-06T00:52:57","guid":{"rendered":"http:\/\/guiadenoticias.com.ar\/diario\/?p=6735"},"modified":"2017-03-05T21:53:19","modified_gmt":"2017-03-06T00:53:19","slug":"el-municipio-de-sm-se-suma-al-paro-internacional-de-mujeres","status":"publish","type":"post","link":"https:\/\/guiadenoticias.com.ar\/diario\/el-municipio-de-sm-se-suma-al-paro-internacional-de-mujeres\/","title":{"rendered":"El municipio de SM se suma al Paro Internacional de Mujeres"},"content":{"rendered":"<p>En adhesi\u00f3n al Paro Internacional de Mujeres, que se realiza el pr\u00f3ximo 8 de marzo en el marco de la conmemoraci\u00f3n del D\u00eda Internacional de la Mujer, el municipio de San Mart\u00edn anunci\u00f3 que ese d\u00eda dar\u00e1 libertad de acci\u00f3n a las trabajadoras municipales a partir de las 13 para que puedan concurrir a la movilizaci\u00f3n.<\/p>\n<p>Adem\u00e1s, el distrito organiza distintas actividades de reflexi\u00f3n y profundiza la difusi\u00f3n del Sistema de Protecci\u00f3n Integral para Mujeres que Padecen Violencia.<\/p>\n<p>Al respecto, Katopodis se\u00f1al\u00f3: \u201cEs importante que apoyemos el reclamo y unamos tambi\u00e9n nuestras voces y nuestras acciones. Ninguna sociedad es justa si hay un solo acto de violencia machista. Ninguna sociedad es justa si no hay un reparto equitativo en las tareas de cuidado y el trabajo no remunerado. Una sociedad que impide o traba el acceso igualitario de la mujer a empleos y lugares de responsabilidad, est\u00e1 condenada a no desarrollarse\u201d.<\/p>\n<p>La iniciativa incluye tambi\u00e9n el lanzamiento de una encuesta destinada a las empleadas y empleados municipales, con el objetivo de crear un espacio de reflexi\u00f3n y concientizaci\u00f3n sobre la equidad de g\u00e9nero. Se trata de una in\u00e9dita medida para generar conciencia sobre el rol de los varones en las situaciones de desigualdad y la importancia de un cambio cultural para erradicar la violencia machista.<\/p>\n<p>El lunes 6 de marzo, a las 15, hay un encuentro de mujeres referentes locales del trabajo en temas de violencia de g\u00e9nero con integrantes de la Mesa Local de Prevenci\u00f3n y Erradicaci\u00f3n de la Violencia contra la Mujer. Tambi\u00e9n estar\u00e1 presente el jefe comunal.<\/p>\n<p>El 8 de marzo, las actividades comenzar\u00e1n a las 12 con una jornada de reflexi\u00f3n sobre el #8M en cada una de las oficinas municipales y continuar\u00e1 en la planta baja del Palacio Municipal con la presentaci\u00f3n de los resultados del cuestionario.<\/p>\n<p>Adem\u00e1s, Katopodis promulg\u00f3 en diciembre pasado una Ordenanza para otorgar una licencia especial para mujeres trabajadoras que dependen del Departamento Ejecutivo y del Concejo Deliberante v\u00edctimas de cualquier tipo de violencia machista. Esta licencia puede ser otorgada por un plazo m\u00e1ximo de 10 (diez) d\u00edas h\u00e1biles anuales, con goce de sueldo, con la posibilidad de pr\u00f3rroga, pero el Ejecutivo puede tambi\u00e9n evaluar la reducci\u00f3n de la jornada laboral o el lugar de prestaci\u00f3n de tareas. En tanto que la Direcci\u00f3n de Pol\u00edtica de G\u00e9nero brinda asesoramiento, tratamiento, acompa\u00f1amiento, contenci\u00f3n y acceso a los programas del municipio.<\/p>\n<p>Desde 2012, San Mart\u00edn cuenta con un Sistema de Protecci\u00f3n Integral para Mujeres que Padecen Violencia, que ofrece orientaci\u00f3n, abordaje psico-social y tratamiento especializado a las v\u00edctimas de violencia, mediantes tres programas: \u00abSin violencias\u00bb, \u00abAmparo\u00bb y \u00abTratamiento grupal para varones con conductas violentas\u00bb. Desde su puesta en marcha, 3.000 mujeres recibieron asistencia.<\/p>\n<p>El Programa Sin Violencias atiende aproximadamente 125 casos por mes brindando asistencia gratuita a trav\u00e9s de un equipo de profesionales que acompa\u00f1a a las mujeres en situaciones cr\u00edticas, las orienta y las asesora legalmente, dise\u00f1ando estrategias de abordaje y protecci\u00f3n para cada caso. Se trata de un trabajo que se realiza en conjunto con juzgados de Familia, la Comisar\u00eda de la Mujer, fiscal\u00edas y otras \u00e1reas municipales.<\/p>\n<p>El Programa Amparo est\u00e1 destinado a la protecci\u00f3n de mujeres en situaci\u00f3n de alto riesgo, a trav\u00e9s de un sistema de alerta por mensaje de texto; la entrega de botones antip\u00e1nico y Casa Segura, un hogar temporario para el resguardo de las v\u00edctimas y sus hijos.<\/p>\n<p>El Programa de Tratamiento Grupal para varones con conductas violentas act\u00faa a trav\u00e9s de un trabajo que tiene como objetivo reconocer el da\u00f1o causado, y modificar las pr\u00e1cticas y las formas de vinculaci\u00f3n para terminar con la violencia basada en la desigualdad de g\u00e9nero.<\/p>\n<p>Adem\u00e1s, la Comuna cuenta con la l\u00ednea gratuita de Protecci\u00f3n de Derechos 0800 888 5678, las 24 horas, los 365 d\u00edas del a\u00f1o.<\/p>\n","protected":false},"excerpt":{"rendered":"<p>En adhesi\u00f3n al Paro Internacional de Mujeres, que se realiza el pr\u00f3ximo 8 de marzo en el marco de la conmemoraci\u00f3n del D\u00eda Internacional de la Mujer, el municipio de San Mart\u00edn anunci\u00f3 que ese d\u00eda dar\u00e1 libertad de acci\u00f3n a las trabajadoras municipales a partir de las 13 para que puedan concurrir a la [&hellip;]<\/p>\n","protected":false},"author":1,"featured_media":6736,"comment_status":"closed","ping_status":"open","sticky":false,"template":"","format":"standard","meta":{"footnotes":""},"categories":[20,24],"tags":[],"class_list":{"0":"post-6735","1":"post","2":"type-post","3":"status-publish","4":"format-standard","5":"has-post-thumbnail","7":"category-municipios","8":"category-san-martin"},"aioseo_notices":[],"_links":{"self":[{"href":"https:\/\/guiadenoticias.com.ar\/diario\/wp-json\/wp\/v2\/posts\/6735","targetHints":{"allow":["GET"]}}],"collection":[{"href":"https:\/\/guiadenoticias.com.ar\/diario\/wp-json\/wp\/v2\/posts"}],"about":[{"href":"https:\/\/guiadenoticias.com.ar\/diario\/wp-json\/wp\/v2\/types\/post"}],"author":[{"embeddable":true,"href":"https:\/\/guiadenoticias.com.ar\/diario\/wp-json\/wp\/v2\/users\/1"}],"replies":[{"embeddable":true,"href":"https:\/\/guiadenoticias.com.ar\/diario\/wp-json\/wp\/v2\/comments?post=6735"}],"version-history":[{"count":1,"href":"https:\/\/guiadenoticias.com.ar\/diario\/wp-json\/wp\/v2\/posts\/6735\/revisions"}],"predecessor-version":[{"id":6737,"href":"https:\/\/guiadenoticias.com.ar\/diario\/wp-json\/wp\/v2\/posts\/6735\/revisions\/6737"}],"wp:featuredmedia":[{"embeddable":true,"href":"https:\/\/guiadenoticias.com.ar\/diario\/wp-json\/wp\/v2\/media\/6736"}],"wp:attachment":[{"href":"https:\/\/guiadenoticias.com.ar\/diario\/wp-json\/wp\/v2\/media?parent=6735"}],"wp:term":[{"taxonomy":"category","embeddable":true,"href":"https:\/\/guiadenoticias.com.ar\/diario\/wp-json\/wp\/v2\/categories?post=6735"},{"taxonomy":"post_tag","embeddable":true,"href":"https:\/\/guiadenoticias.com.ar\/diario\/wp-json\/wp\/v2\/tags?post=6735"}],"curies":[{"name":"wp","href":"https:\/\/api.w.org\/{rel}","templated":true}]}}