{"id":674,"date":"2016-02-14T20:57:15","date_gmt":"2016-02-14T20:57:15","guid":{"rendered":"http:\/\/guiadenoticias.com.ar\/diario\/?p=674"},"modified":"2016-02-15T02:32:24","modified_gmt":"2016-02-15T02:32:24","slug":"tres-de-febrero-tendra-servicio-local-de-proteccion-de-los-derechos-del-nino","status":"publish","type":"post","link":"https:\/\/guiadenoticias.com.ar\/diario\/tres-de-febrero-tendra-servicio-local-de-proteccion-de-los-derechos-del-nino\/","title":{"rendered":"Tres de Febrero tendr\u00e1 servicio local de Protecci\u00f3n de los Derechos del Ni\u00f1o"},"content":{"rendered":"<p>La Direcci\u00f3n de Infancia, Adolescencia y Familia (DIAF) de Tres de Febrero tendr\u00e1 un servicio local de protecci\u00f3n de los Derechos del Ni\u00f1o a trav\u00e9s de un convenio entre la Provincia y la Municipalidad, en el marco de la ley provincial 13.298.<\/p>\n<p>\u201cQueremos que todos los ni\u00f1os y ni\u00f1as del distrito crezcan cuidados y con el apoyo que necesitan de parte del Estado\u201d, expres\u00f3 el intendente Diego Valenzuela. Junto a este nuevo servicio local se abrir\u00e1 una Casa de Abrigo que tendr\u00e1 el objetivo de albergar de manera transitoria a ni\u00f1os sin la protecci\u00f3n familiar adecuada.<\/p>\n<p>\u201cEs un hito muy importante para el municipio porque nos da autonom\u00eda para poder dictar medidas de abrigo y resguardar a los menores de edad sin depender del servicio zonal de San Mart\u00edn\u201d, indic\u00f3 Marcela Toniolo, subsecretaria de Desarrollo Humano.<\/p>\n<p>Adem\u00e1s de Valenzuela, Molina y Toniolo, participaron de la reuni\u00f3n el director de Promoci\u00f3n y Protecci\u00f3n de los Derechos del Ni\u00f1o, Ni\u00f1a y Adolescente, Guillermo Sidoli; y la directora local de Infancia, Adolescencia y Familia, Karina Cousture.<\/p>\n","protected":false},"excerpt":{"rendered":"<p>La Direcci\u00f3n de Infancia, Adolescencia y Familia (DIAF) de Tres de Febrero tendr\u00e1 un servicio local de protecci\u00f3n de los Derechos del Ni\u00f1o a trav\u00e9s de un convenio entre la Provincia y la Municipalidad, en el marco de la ley provincial 13.298. \u201cQueremos que todos los ni\u00f1os y ni\u00f1as del distrito crezcan cuidados y con [&hellip;]<\/p>\n","protected":false},"author":1,"featured_media":683,"comment_status":"closed","ping_status":"open","sticky":false,"template":"","format":"standard","meta":{"footnotes":""},"categories":[20,26],"tags":[],"class_list":{"0":"post-674","1":"post","2":"type-post","3":"status-publish","4":"format-standard","5":"has-post-thumbnail","7":"category-municipios","8":"category-tres-de-febrero"},"aioseo_notices":[],"_links":{"self":[{"href":"https:\/\/guiadenoticias.com.ar\/diario\/wp-json\/wp\/v2\/posts\/674","targetHints":{"allow":["GET"]}}],"collection":[{"href":"https:\/\/guiadenoticias.com.ar\/diario\/wp-json\/wp\/v2\/posts"}],"about":[{"href":"https:\/\/guiadenoticias.com.ar\/diario\/wp-json\/wp\/v2\/types\/post"}],"author":[{"embeddable":true,"href":"https:\/\/guiadenoticias.com.ar\/diario\/wp-json\/wp\/v2\/users\/1"}],"replies":[{"embeddable":true,"href":"https:\/\/guiadenoticias.com.ar\/diario\/wp-json\/wp\/v2\/comments?post=674"}],"version-history":[{"count":1,"href":"https:\/\/guiadenoticias.com.ar\/diario\/wp-json\/wp\/v2\/posts\/674\/revisions"}],"predecessor-version":[{"id":676,"href":"https:\/\/guiadenoticias.com.ar\/diario\/wp-json\/wp\/v2\/posts\/674\/revisions\/676"}],"wp:featuredmedia":[{"embeddable":true,"href":"https:\/\/guiadenoticias.com.ar\/diario\/wp-json\/wp\/v2\/media\/683"}],"wp:attachment":[{"href":"https:\/\/guiadenoticias.com.ar\/diario\/wp-json\/wp\/v2\/media?parent=674"}],"wp:term":[{"taxonomy":"category","embeddable":true,"href":"https:\/\/guiadenoticias.com.ar\/diario\/wp-json\/wp\/v2\/categories?post=674"},{"taxonomy":"post_tag","embeddable":true,"href":"https:\/\/guiadenoticias.com.ar\/diario\/wp-json\/wp\/v2\/tags?post=674"}],"curies":[{"name":"wp","href":"https:\/\/api.w.org\/{rel}","templated":true}]}}