{"id":6758,"date":"2017-03-06T21:43:19","date_gmt":"2017-03-07T00:43:19","guid":{"rendered":"http:\/\/guiadenoticias.com.ar\/diario\/?p=6758"},"modified":"2017-03-06T21:43:34","modified_gmt":"2017-03-07T00:43:34","slug":"manifestacion-masiva-de-docentes-en-reclamo-de-mejoras-salariales","status":"publish","type":"post","link":"https:\/\/guiadenoticias.com.ar\/diario\/manifestacion-masiva-de-docentes-en-reclamo-de-mejoras-salariales\/","title":{"rendered":"Manifestaci\u00f3n masiva de docentes en reclamo de mejoras salariales"},"content":{"rendered":"<p>Docentes de los cinco sindicatos nacionales marcharon este lunes desde el Congreso Nacional hasta el Ministerio de Educaci\u00f3n, en el centro de la Ciudad de Buenos Aires. Representantes gremiales destacaron que \u00abemociona\u00bb lo que definieron como un \u00abparazo nacional\u00bb, en alusi\u00f3n a la primera jornada de la huelga de 48 horas en reclamo de paritarias, y estimaron en \u00abm\u00e1s de 50 mil\u00bb a los concurrentes a la movilizaci\u00f3n.<\/p>\n<p>\u00abEsta es una lecci\u00f3n hist\u00f3rica: no nos arrodillamos y no les tenemos miedo (a los funcionarios nacionales)\u00bb, enfatiz\u00f3 la jefa de CTERA, Sonia Alesso, en el inicio de un acto multitudinario frente al edificio de la calle Pizzurno 935, en el barrio porte\u00f1o de Recoleta.<\/p>\n<p>\u00abEmociona esta marcha; emociona este parazo nacional\u00bb, agreg\u00f3 la sindicalista, en un acto donde estuvieron presentes representantes de las CGT y de la CTA que desde el escenario hablaron de un paro nacional contra el gobierno de Mauricio Macri.<\/p>\n<p>\u00abEsta marcha, de m\u00e1s de 50 mil maestros, debe hacer reflexionar al Gobierno. Pedimos que cumplan con la ley (y llamen a paritarias)\u00bb, dijo la gremialista.\u00a0 Y ampli\u00f3: \u00abNos tiran con un lenguaje b\u00e9lico que yo no viv\u00eda desde el regreso a la democracia. Es una verg\u00fcenza que un gobierno electo por las urnas no cumpla con la ley\u00bb.<\/p>\n<p>En esa l\u00ednea, el jefe de la Uni\u00f3n de Docentes Argentinos (UDA), Sergio Romero, dijo que \u00abjam\u00e1s hubiese pensado de un gobierno democr\u00e1tico la no aplicaci\u00f3n de una ley\u00bb. El sindicalista, luego, advirti\u00f3 que \u00ablos trabajadores\u00bb son la \u00abvariable de ajuste para el Gobierno\u00bb. \u00abY le digo al ministro de Educaci\u00f3n (Esteban Bullrich): &#8216;Ya no le queda resto, su desgaste es mucho. Usted en La Rioja dijo que, si no pod\u00eda revertir esta situaci\u00f3n, renunciaba&#8217;. Estamos esperando una decisi\u00f3n, que tome una medida en favor de los trabajadores o renuncie\u00bb, concluy\u00f3.<\/p>\n<p>A su turno, el secretario general de la Confederaci\u00f3n de Educadores Argentinos (CEA), Fabi\u00e1n Felman, se refiri\u00f3 al jefe del sindicato de educadores bonaerenses SUTEBA, Roberto Baradel, y dijo repudiar \u00ablos aprietes y las amenazas\u00bb que denunci\u00f3 haber recibido ese gremialista.<\/p>\n<p>\u00abUna amenaza contra un dirigente sindical es una amenaza para el conjunto del pueblo y este pueblo en democracia no puede vivir amenazado\u00bb, sostuvo Felman.<\/p>\n<p>Despu\u00e9s, el secretario general del Sindicato Argentino de Docentes Privados (SADOP), Mario Almir\u00f3n, calific\u00f3 como \u00abhist\u00f3rico\u00bb al paro. \u00abEsta unidad es un logro que estamos construyendo cuando el enemigo nos quiere dividir. Quiere dividir nuestro salario en 24 distritos el neoliberalismo, como lo hizo en los &#8217;90\u00bb, alert\u00f3 ante la falta de convocatoria a una paritaria nacional.<\/p>\n<p>Por su parte, Carlos Acu\u00f1a, integrante del triunvirato de la CGT, tom\u00f3 la palabra al tiempo que los manifestantes gritaban: \u00abParo nacional, paro nacional, paro nacional\u00bb. \u00abQu\u00e9dense tranquilos, que ya est\u00e1 votado para antes de fin de mes\u00bb, record\u00f3 el l\u00edder sindical y a\u00f1adi\u00f3: \u00abEsta CGT est\u00e1 de pie y ma\u00f1ana (con la marcha) lo va a demostrar en favor de los trabajadores\u00bb, advirti\u00f3.<\/p>\n<p>Por \u00faltimo, el l\u00edder de la CTA de los Trabajadores, Hugo Yasky, inst\u00f3 a que \u00abla lucha\u00bb sindical debe tener su punto c\u00falmine en un \u00abparo nacional de todas las centrales obreras\u00bb.<\/p>\n<p>\u00abEstoy orgulloso de la lecci\u00f3n que damos al pa\u00eds. Estamos de pie y no nos arrodillamos ni nos van a llevar como reba\u00f1o\u00bb, alert\u00f3 el gremialista. Y destac\u00f3, \u00abhay que sentir el orgullo de llevar un guardapolvo blanco y no venderse por dos monedas\u00bb.<\/p>\n","protected":false},"excerpt":{"rendered":"<p>Docentes de los cinco sindicatos nacionales marcharon este lunes desde el Congreso Nacional hasta el Ministerio de Educaci\u00f3n, en el centro de la Ciudad de Buenos Aires. Representantes gremiales destacaron que \u00abemociona\u00bb lo que definieron como un \u00abparazo nacional\u00bb, en alusi\u00f3n a la primera jornada de la huelga de 48 horas en reclamo de paritarias, [&hellip;]<\/p>\n","protected":false},"author":1,"featured_media":6759,"comment_status":"closed","ping_status":"open","sticky":false,"template":"","format":"standard","meta":{"footnotes":""},"categories":[49,30,48],"tags":[],"class_list":{"0":"post-6758","1":"post","2":"type-post","3":"status-publish","4":"format-standard","5":"has-post-thumbnail","7":"category-economia-y-gremiales","8":"category-nacion","9":"category-politica-argentina"},"aioseo_notices":[],"_links":{"self":[{"href":"https:\/\/guiadenoticias.com.ar\/diario\/wp-json\/wp\/v2\/posts\/6758","targetHints":{"allow":["GET"]}}],"collection":[{"href":"https:\/\/guiadenoticias.com.ar\/diario\/wp-json\/wp\/v2\/posts"}],"about":[{"href":"https:\/\/guiadenoticias.com.ar\/diario\/wp-json\/wp\/v2\/types\/post"}],"author":[{"embeddable":true,"href":"https:\/\/guiadenoticias.com.ar\/diario\/wp-json\/wp\/v2\/users\/1"}],"replies":[{"embeddable":true,"href":"https:\/\/guiadenoticias.com.ar\/diario\/wp-json\/wp\/v2\/comments?post=6758"}],"version-history":[{"count":1,"href":"https:\/\/guiadenoticias.com.ar\/diario\/wp-json\/wp\/v2\/posts\/6758\/revisions"}],"predecessor-version":[{"id":6760,"href":"https:\/\/guiadenoticias.com.ar\/diario\/wp-json\/wp\/v2\/posts\/6758\/revisions\/6760"}],"wp:featuredmedia":[{"embeddable":true,"href":"https:\/\/guiadenoticias.com.ar\/diario\/wp-json\/wp\/v2\/media\/6759"}],"wp:attachment":[{"href":"https:\/\/guiadenoticias.com.ar\/diario\/wp-json\/wp\/v2\/media?parent=6758"}],"wp:term":[{"taxonomy":"category","embeddable":true,"href":"https:\/\/guiadenoticias.com.ar\/diario\/wp-json\/wp\/v2\/categories?post=6758"},{"taxonomy":"post_tag","embeddable":true,"href":"https:\/\/guiadenoticias.com.ar\/diario\/wp-json\/wp\/v2\/tags?post=6758"}],"curies":[{"name":"wp","href":"https:\/\/api.w.org\/{rel}","templated":true}]}}