{"id":6761,"date":"2017-03-07T01:03:42","date_gmt":"2017-03-07T04:03:42","guid":{"rendered":"http:\/\/guiadenoticias.com.ar\/diario\/?p=6761"},"modified":"2017-03-07T01:05:07","modified_gmt":"2017-03-07T04:05:07","slug":"en-medio-del-conflicto-docente-el-concejal-acuna-entrego-mas-de-mil-kits-escolares","status":"publish","type":"post","link":"https:\/\/guiadenoticias.com.ar\/diario\/en-medio-del-conflicto-docente-el-concejal-acuna-entrego-mas-de-mil-kits-escolares\/","title":{"rendered":"El concejal Acu\u00f1a entreg\u00f3 m\u00e1s de mil kits escolares"},"content":{"rendered":"<p>A pesar de la incertidumbre sobre el inicio del ciclo lectivo en la provincia de Buenos Aires, m\u00e1s de mil familias de Ituzaing\u00f3 recibieron guardapolvos y mochilas. La iniciativa, que va por el octavo a\u00f1o consecutivo, fue motorizada por Carlos Acu\u00f1a, presidente del bloque Frente Renovador.<\/p>\n<p>\u201cLa idea es tender un puente solidario con aquellas familias que en esta \u00e9poca del a\u00f1o se les hace muy dif\u00edcil acceder a lo que sus hijos necesitan para el inicio del a\u00f1o escolar\u201d, explic\u00f3 el edil y dirigente de los estacioneros. \u201cEstamos contentos por estar un a\u00f1o m\u00e1s poniendo nuestro granito de arena en la educaci\u00f3n\u201d, agreg\u00f3.<\/p>\n<p>Las familias beneficiadas fueron relevadas por los militantes del massismo en las unidades b\u00e1sicas de barrios m\u00e1s carenciados como Villa Udaondo y De las Naciones, entre otros.<\/p>\n<p>\u201cPrimero se hizo una recorrida y un relevamiento visualizando cu\u00e1les son los puntos m\u00e1s sensibles de nuestro distrito, cu\u00e1les son las familias que presentan m\u00e1s dificultades. Luego de ese censo hecho por nuestros compa\u00f1eros se convoc\u00f3 a la gente\u201d, describi\u00f3 Acu\u00f1a en la puerta del Club Atl\u00e9tico Ituzaing\u00f3, ante una interminable fila de personas que esperaban su turno para ingresar.<\/p>\n<p>\u201cNo sorprende la cantidad de gente, porque este a\u00f1o fue muy dif\u00edcil, muchos compa\u00f1eros se quedaron sin trabajo, muchos suspendidos y no saben que deparar\u00e1 el futuro. Por lo tanto tenemos una situaci\u00f3n m\u00e1s complicada a\u00fan de la que ven\u00edamos viviendo\u201d, alarm\u00f3. De la actividad tambi\u00e9n particip\u00f3 sus compa\u00f1eros de bancada Roberto Rocha y Roberto Altarru\u00ed.<\/p>\n<p><strong>APOYO A LA MARCHA DEL 7<\/strong><\/p>\n<p>En medio de un fin de semana tensionado por la escalada conflictiva entre los sindicatos docentes, las centrales obreras y los gobiernos nacional y provincial, el concejal Acu\u00f1a consider\u00f3 que \u201csin un llamado serio a la concertaci\u00f3n social esto no tiene salida\u201d.<\/p>\n<p>Sin embargo, responsabiliz\u00f3 al Estado de la delicada situaci\u00f3n social, reclamando \u201cque tome iniciativas para un equilibrio entre las caricias recibidas por las grandes corporaciones y los golpes los trabajadores y la clase productivas\u201d.<\/p>\n<p>En su doble rol de concejal y dirigente gremial manifest\u00f3 su expectativa ante la movilizaci\u00f3n convocada por la CGT. \u201cComo\u00a0 compa\u00f1eros peronistas vamos a estar acompa\u00f1ando este martes, porque es el reclamo de muchos de nuestros vecinos que est\u00e1n en una situaci\u00f3n complicada\u201d.<\/p>\n<p>Pero no dej\u00f3 pasar el hecho que a la manifestaci\u00f3n adhieren sectores pol\u00edticos como el kirchnerismo, a los que se refiri\u00f3 con iron\u00eda. \u201cBienvenidos sean los que hasta el a\u00f1o pasado nos<\/p>\n<p>ninguneaban\u00a0 cuando hac\u00edamos paros generales. Pero la se\u00f1ora ex presidenta que nos gobernaba ni siquiera atend\u00eda a los dirigentes. Ahora es tarde\u201d, reproch\u00f3.<\/p>\n<p><strong>CONFLICTO DOCENTE<\/strong><\/p>\n<p>Sobre el conflicto que los diferentes gremios docentes mantienen con el gobierno de Mar\u00eda Eugenia Vidal consider\u00f3 que si bien \u201clos chicos son rehenes\u201d de las medidas de fuerza, \u201cla responsabilidad mayor es del Estado. Este tiene que garantizar que los maestros tengan un salario acorde a su vocaci\u00f3n y responsabilidad, as\u00ed como por otro lado se preocup\u00f3 de resolver problemas de las empresas familiares del Presidente (Mauricio Macri)\u201d.<\/p>\n<p>Tambi\u00e9n opin\u00f3 sobre la controversia suscitada en el Consejo Escolar local en torno al Servicio\u00a0 Alimentario Escolar. Tras el frustrado llamado a licitaci\u00f3n convocado por la consejera Nancy N\u00fa\u00f1ez, el edil manifest\u00f3 que \u201clo m\u00e1s importante es que los chicos tengan todos los d\u00edas el almuerzo, por lo tanto si el servicio lo brinda una u otra empresa lo definir\u00e1 la Provincia\u201d.<\/p>\n","protected":false},"excerpt":{"rendered":"<p>A pesar de la incertidumbre sobre el inicio del ciclo lectivo en la provincia de Buenos Aires, m\u00e1s de mil familias de Ituzaing\u00f3 recibieron guardapolvos y mochilas. La iniciativa, que va por el octavo a\u00f1o consecutivo, fue motorizada por Carlos Acu\u00f1a, presidente del bloque Frente Renovador. \u201cLa idea es tender un puente solidario con aquellas [&hellip;]<\/p>\n","protected":false},"author":1,"featured_media":6762,"comment_status":"closed","ping_status":"open","sticky":false,"template":"","format":"standard","meta":{"footnotes":""},"categories":[29,20,48],"tags":[],"class_list":{"0":"post-6761","1":"post","2":"type-post","3":"status-publish","4":"format-standard","5":"has-post-thumbnail","7":"category-ituzaingo","8":"category-municipios","9":"category-politica-argentina"},"aioseo_notices":[],"_links":{"self":[{"href":"https:\/\/guiadenoticias.com.ar\/diario\/wp-json\/wp\/v2\/posts\/6761","targetHints":{"allow":["GET"]}}],"collection":[{"href":"https:\/\/guiadenoticias.com.ar\/diario\/wp-json\/wp\/v2\/posts"}],"about":[{"href":"https:\/\/guiadenoticias.com.ar\/diario\/wp-json\/wp\/v2\/types\/post"}],"author":[{"embeddable":true,"href":"https:\/\/guiadenoticias.com.ar\/diario\/wp-json\/wp\/v2\/users\/1"}],"replies":[{"embeddable":true,"href":"https:\/\/guiadenoticias.com.ar\/diario\/wp-json\/wp\/v2\/comments?post=6761"}],"version-history":[{"count":2,"href":"https:\/\/guiadenoticias.com.ar\/diario\/wp-json\/wp\/v2\/posts\/6761\/revisions"}],"predecessor-version":[{"id":6764,"href":"https:\/\/guiadenoticias.com.ar\/diario\/wp-json\/wp\/v2\/posts\/6761\/revisions\/6764"}],"wp:featuredmedia":[{"embeddable":true,"href":"https:\/\/guiadenoticias.com.ar\/diario\/wp-json\/wp\/v2\/media\/6762"}],"wp:attachment":[{"href":"https:\/\/guiadenoticias.com.ar\/diario\/wp-json\/wp\/v2\/media?parent=6761"}],"wp:term":[{"taxonomy":"category","embeddable":true,"href":"https:\/\/guiadenoticias.com.ar\/diario\/wp-json\/wp\/v2\/categories?post=6761"},{"taxonomy":"post_tag","embeddable":true,"href":"https:\/\/guiadenoticias.com.ar\/diario\/wp-json\/wp\/v2\/tags?post=6761"}],"curies":[{"name":"wp","href":"https:\/\/api.w.org\/{rel}","templated":true}]}}