{"id":6777,"date":"2017-03-07T14:06:33","date_gmt":"2017-03-07T17:06:33","guid":{"rendered":"http:\/\/guiadenoticias.com.ar\/diario\/?p=6777"},"modified":"2017-03-07T14:28:15","modified_gmt":"2017-03-07T17:28:15","slug":"pitrola-no-podemos-esperar-el-volveremos-de-2019","status":"publish","type":"post","link":"https:\/\/guiadenoticias.com.ar\/diario\/pitrola-no-podemos-esperar-el-volveremos-de-2019\/","title":{"rendered":"Pitrola: \u201cNo podemos esperar el volveremos de 2019\u201d"},"content":{"rendered":"<p>N\u00e9stor Pitrola, diputado nacional del Partido Obrero en el Frente de Izquierda &#8211; termina mandato en diciembre -, visit\u00f3 el local partidario de Caseros, en donde brind\u00f3 una charla para la militancia de Tres de Febrero, que cont\u00f3 con la introducci\u00f3n de Milton Gauna, ex candidato a concejal.<\/p>\n<p>En di\u00e1logo con Gu\u00eda de Noticias, el legislador coment\u00f3 c\u00f3mo ser\u00eda la participaci\u00f3n del espacio en la movilizaci\u00f3n del 7M. \u201cJunto con los sindicatos combativos tendremos una columna independiente que plantee el paro nacional ya y un programa propio: defensa de convenios colectivos, aumentos de emergencia a los jubilados, evitar el cierre de f\u00e1bricas\u201d, se\u00f1al\u00f3.<\/p>\n<p>Hace una semana, el Presidente abri\u00f3 el a\u00f1o parlamentario con un mensaje en el Congreso, Pitrola evalu\u00f3 que \u201cel discurso de Macri que me toc\u00f3 escuchar, que padec\u00ed totalmente, en este sentido: a Cristina la ten\u00edamos que escuchar tres horas, en ese aspecto era m\u00e1s duro, pero el discurso de Macri no tuvo una sola propuesta para sacar a la Argentina del marambo. Fue un discurso de autobombo, auto encubrimiento. A los legisladores no nos propuso una agenda (\u2026). No tiene una salida\u201d.<\/p>\n<p><strong>Que el Gobierno no tenga una salida significa un riesgo para todos los argentinos\u2026<\/strong><\/p>\n<p>Sin duda. La mayor\u00eda trabajadora argentina me pregunta todo el tiempo, \u2018qu\u00e9 hacemos, N\u00e9stor, no podemos m\u00e1s\u2019. Ah\u00ed viene un tema de fondo, que vengo a plantear en Tres de Febrero, voy a recorrer cien distritos de la Provincia, no podemos esperar el volveremos de 2019, por varios motivos. Primero porque el pueblo necesita hoy soluciones, por eso van al paro los docentes, por eso tenemos una CGT que acompa\u00f1\u00f3 al Gobierno en su ajuste y ahora tiene que convocar a una movilizaci\u00f3n; no podemos plantear como lo hacen distintas fracciones del peronismo, el kirchnerismo incluido, volveremos en 2019.<\/p>\n<p>El Frente de Izquierda, el Partido Obrero, plantea la intervenci\u00f3n ya de todas las luchas populares para enfrentar el ajuste y dar un giro de 180 grados. Nuestra propuesta pol\u00edtica para 2017 est\u00e1 basada en defender los intereses de los trabajadores, los salarios, la jubilaci\u00f3n, la reactivaci\u00f3n econ\u00f3mica. Frenar una corrupci\u00f3n que la ten\u00e9s en las dos puntas del ovillo, porque de la corrupci\u00f3n kirchnerista saltamos a la corrupci\u00f3n macrista, que est\u00e1 unida por un hilo conductor que es la patria contratista, las privatizaciones.<\/p>\n<p><strong>Cambiemos fue elegido para gobernar hasta 2019, mientras tanto van a surgir alternativas\u2026<\/strong><\/p>\n<p>Somos partidarios de poner en pie al movimiento obrero, los grandes cambios de Argentina se pusieron en marcha por la lucha de los trabajadores. Ac\u00e1 es siempre la misma historia, cada gobierno que viene es similar, dice \u2018tengo que hacerme cargo de la quiebra que dej\u00f3 el gobierno anterior\u2019. Y siempre pagamos los trabajadores.<\/p>\n<p>En segundo lugar, este a\u00f1o tenemos elecciones intermedias, en las cuales el pueblo va a tener la herramienta del voto, ser\u00e1 un registro de c\u00f3mo est\u00e1 la conciencia pol\u00edtica popular y el PO tiene la responsabilidad y la posibilidad de dar un salto pol\u00edtico.<\/p>\n","protected":false},"excerpt":{"rendered":"<p>N\u00e9stor Pitrola, diputado nacional del Partido Obrero en el Frente de Izquierda &#8211; termina mandato en diciembre -, visit\u00f3 el local partidario de Caseros, en donde brind\u00f3 una charla para la militancia de Tres de Febrero, que cont\u00f3 con la introducci\u00f3n de Milton Gauna, ex candidato a concejal. En di\u00e1logo con Gu\u00eda de Noticias, el [&hellip;]<\/p>\n","protected":false},"author":1,"featured_media":6781,"comment_status":"closed","ping_status":"open","sticky":false,"template":"","format":"standard","meta":{"footnotes":""},"categories":[20,30,48,26],"tags":[],"class_list":{"0":"post-6777","1":"post","2":"type-post","3":"status-publish","4":"format-standard","5":"has-post-thumbnail","7":"category-municipios","8":"category-nacion","9":"category-politica-argentina","10":"category-tres-de-febrero"},"aioseo_notices":[],"_links":{"self":[{"href":"https:\/\/guiadenoticias.com.ar\/diario\/wp-json\/wp\/v2\/posts\/6777","targetHints":{"allow":["GET"]}}],"collection":[{"href":"https:\/\/guiadenoticias.com.ar\/diario\/wp-json\/wp\/v2\/posts"}],"about":[{"href":"https:\/\/guiadenoticias.com.ar\/diario\/wp-json\/wp\/v2\/types\/post"}],"author":[{"embeddable":true,"href":"https:\/\/guiadenoticias.com.ar\/diario\/wp-json\/wp\/v2\/users\/1"}],"replies":[{"embeddable":true,"href":"https:\/\/guiadenoticias.com.ar\/diario\/wp-json\/wp\/v2\/comments?post=6777"}],"version-history":[{"count":1,"href":"https:\/\/guiadenoticias.com.ar\/diario\/wp-json\/wp\/v2\/posts\/6777\/revisions"}],"predecessor-version":[{"id":6779,"href":"https:\/\/guiadenoticias.com.ar\/diario\/wp-json\/wp\/v2\/posts\/6777\/revisions\/6779"}],"wp:featuredmedia":[{"embeddable":true,"href":"https:\/\/guiadenoticias.com.ar\/diario\/wp-json\/wp\/v2\/media\/6781"}],"wp:attachment":[{"href":"https:\/\/guiadenoticias.com.ar\/diario\/wp-json\/wp\/v2\/media?parent=6777"}],"wp:term":[{"taxonomy":"category","embeddable":true,"href":"https:\/\/guiadenoticias.com.ar\/diario\/wp-json\/wp\/v2\/categories?post=6777"},{"taxonomy":"post_tag","embeddable":true,"href":"https:\/\/guiadenoticias.com.ar\/diario\/wp-json\/wp\/v2\/tags?post=6777"}],"curies":[{"name":"wp","href":"https:\/\/api.w.org\/{rel}","templated":true}]}}