{"id":6782,"date":"2017-03-07T23:43:33","date_gmt":"2017-03-08T02:43:33","guid":{"rendered":"http:\/\/guiadenoticias.com.ar\/diario\/?p=6782"},"modified":"2017-03-07T23:50:16","modified_gmt":"2017-03-08T02:50:16","slug":"vidal-se-reunio-con-voluntarios-del-programa-el-estado-en-tu-barrio","status":"publish","type":"post","link":"https:\/\/guiadenoticias.com.ar\/diario\/vidal-se-reunio-con-voluntarios-del-programa-el-estado-en-tu-barrio\/","title":{"rendered":"Vidal convoc\u00f3 en 3F voluntarios programa El Estado en tu Barrio"},"content":{"rendered":"<p>La gobernadora de Buenos Aires, Mar\u00eda Eugenia Vidal, se reuni\u00f3 este martes con voluntarios del programa \u00abEl Estado en tu barrio\u00bb en Tres de Febrero. Acompa\u00f1aron a la mandataria bonaerense el intendente Diego Valenzuela y\u00a0el ministro de Desarrollo Social, Santiago L\u00f3pez Medrano.<\/p>\n<p>En instalaciones del Cedem 1, Vidal se\u00f1al\u00f3 que \u00abcon El Estado en tu Barrio empezamos a dar ese paso de construcci\u00f3n de confianza con los vecinos, ya que vamos a escuchar su necesidad para resolverla\u00bb, y agreg\u00f3, \u00abparte del cambio es pelear contra esta soledad que tienen y devolverle la confianza a la gente\u00bb.<\/p>\n<p>El encuentro se realiz\u00f3 junto a m\u00e1s de cien integrantes del equipo territorial denominado \u00abLos rastrilladores\u00bb, quienes, durante los d\u00edas previos al operativo, realizan un an\u00e1lisis de la zona, la recorren y visitan a los vecinos para detectar casos particulares de aquellas familias con necesidades, asesorarlos y motivarlos para que se acerquen a los m\u00f3viles.<\/p>\n<p>El programa asiste a los vecinos de las localidades m\u00e1s necesitadas en materia de salud, seguridad social y defensa contra la violencia de g\u00e9nero, entre otras cuestiones. Los Ministerios de Desarrollo Social de la Naci\u00f3n y Provincia responden consultas sobre sus programas; el Ministerio de Trabajo de Naci\u00f3n brinda asesoramiento y charlas informativas; y el Registro de las Personas del Ministerio de Gobierno informa e inicia los pasos correspondientes para la obtenci\u00f3n de documentaci\u00f3n. Por su parte, los m\u00f3viles de ANSES permiten tramitar los programas Progresar, Hogar, Ayuda Escolar, o realizar reclamos y libretas de Asignaci\u00f3n Universal por Hijo, por Embarazo, entre otros.<\/p>\n<p>Por otro lado, el Ministerio de Justicia bonaerense \u00a0brinda atenci\u00f3n a las v\u00edctimas de delitos graves, adem\u00e1s de contenci\u00f3n y concientizaci\u00f3n sobre la lucha contra la trata de personas. Dentro de los servicios de salud se brinda asistencia odontol\u00f3gica, de cl\u00ednica m\u00e9dica y pedi\u00e1trica. Se organizan talleres de prevenci\u00f3n y promoci\u00f3n de la salud, adem\u00e1s de la instalaci\u00f3n de un vacunatorio m\u00f3vil. Tambi\u00e9n se organizan actividades recreativas y pr\u00e1cticas deportivas para los m\u00e1s chicos.<\/p>\n<p>Desde principios del a\u00f1o pasado, \u00abEl Estado en tu barrio\u00bb realiz\u00f3 257 operativos en un total de 32 municipios, para solucionar necesidades a unos 735 mil vecinos.<\/p>\n","protected":false},"excerpt":{"rendered":"<p>La gobernadora de Buenos Aires, Mar\u00eda Eugenia Vidal, se reuni\u00f3 este martes con voluntarios del programa \u00abEl Estado en tu barrio\u00bb en Tres de Febrero. Acompa\u00f1aron a la mandataria bonaerense el intendente Diego Valenzuela y\u00a0el ministro de Desarrollo Social, Santiago L\u00f3pez Medrano. En instalaciones del Cedem 1, Vidal se\u00f1al\u00f3 que \u00abcon El Estado en tu [&hellip;]<\/p>\n","protected":false},"author":1,"featured_media":6783,"comment_status":"closed","ping_status":"open","sticky":false,"template":"","format":"standard","meta":{"footnotes":""},"categories":[20,48,31,26],"tags":[],"class_list":{"0":"post-6782","1":"post","2":"type-post","3":"status-publish","4":"format-standard","5":"has-post-thumbnail","7":"category-municipios","8":"category-politica-argentina","9":"category-provincia","10":"category-tres-de-febrero"},"aioseo_notices":[],"_links":{"self":[{"href":"https:\/\/guiadenoticias.com.ar\/diario\/wp-json\/wp\/v2\/posts\/6782","targetHints":{"allow":["GET"]}}],"collection":[{"href":"https:\/\/guiadenoticias.com.ar\/diario\/wp-json\/wp\/v2\/posts"}],"about":[{"href":"https:\/\/guiadenoticias.com.ar\/diario\/wp-json\/wp\/v2\/types\/post"}],"author":[{"embeddable":true,"href":"https:\/\/guiadenoticias.com.ar\/diario\/wp-json\/wp\/v2\/users\/1"}],"replies":[{"embeddable":true,"href":"https:\/\/guiadenoticias.com.ar\/diario\/wp-json\/wp\/v2\/comments?post=6782"}],"version-history":[{"count":8,"href":"https:\/\/guiadenoticias.com.ar\/diario\/wp-json\/wp\/v2\/posts\/6782\/revisions"}],"predecessor-version":[{"id":6791,"href":"https:\/\/guiadenoticias.com.ar\/diario\/wp-json\/wp\/v2\/posts\/6782\/revisions\/6791"}],"wp:featuredmedia":[{"embeddable":true,"href":"https:\/\/guiadenoticias.com.ar\/diario\/wp-json\/wp\/v2\/media\/6783"}],"wp:attachment":[{"href":"https:\/\/guiadenoticias.com.ar\/diario\/wp-json\/wp\/v2\/media?parent=6782"}],"wp:term":[{"taxonomy":"category","embeddable":true,"href":"https:\/\/guiadenoticias.com.ar\/diario\/wp-json\/wp\/v2\/categories?post=6782"},{"taxonomy":"post_tag","embeddable":true,"href":"https:\/\/guiadenoticias.com.ar\/diario\/wp-json\/wp\/v2\/tags?post=6782"}],"curies":[{"name":"wp","href":"https:\/\/api.w.org\/{rel}","templated":true}]}}