{"id":6799,"date":"2017-03-08T10:53:16","date_gmt":"2017-03-08T13:53:16","guid":{"rendered":"http:\/\/guiadenoticias.com.ar\/diario\/?p=6799"},"modified":"2017-03-08T10:55:14","modified_gmt":"2017-03-08T13:55:14","slug":"7m-entre-el-rechazo-al-macrismo-y-el-repudio-a-la-tibieza-cegetista","status":"publish","type":"post","link":"https:\/\/guiadenoticias.com.ar\/diario\/7m-entre-el-rechazo-al-macrismo-y-el-repudio-a-la-tibieza-cegetista\/","title":{"rendered":"7M: entre rechazo al macrismo y el repudio a tibieza cegetista"},"content":{"rendered":"<p>El 7 de marzo amaneci\u00f3 con un sol tibio de fin de verano, que sali\u00f3 para todos: sindicalistas y kirchneristas, gremialistas combativos y de la izquierda, peronistas ortodoxos y j\u00f3venes nac&amp;pop. Para todos los que se hicieron eco de la convocatoria de una CGT reunificada contra \u201cel ajuste, los despidos y la apertura indiscriminada de las importaciones\u201d del gobierno de Mauricio Macri, entre otras consignas.<\/p>\n<p>Desde la llegada de los micros y las columnas que bajaron desde Puente Avellaneda, la Ciudad de Buenos Aires fue tomada por la movilizaci\u00f3n social m\u00e1s convocante de los \u00faltimos a\u00f1os (habr\u00eda que remontarse al 2008 \u00e9pico del Campo versus el gobierno de CFK).<\/p>\n<p>El entusiasmo de volver a \u201ctomar las calles\u201d se bat\u00eda con parches de bombos, el agite de pancartas con nombres de barrios del Conurbano y siglas sindicales. En los rostros de los dirigentes se adivinaban las ansias de recuperar la iniciativa pol\u00edtica perdida. En mucha militancia el sentimiento era m\u00e1s parecido a rabia contenida.<\/p>\n<p>Finalmente, todo desbarranc\u00f3 en un remedo burdo del 1 de mayo de 1974, cuando el ala m\u00e1s radicalizada increp\u00f3 a los organizadores que amagaron con el anuncio de la fecha de un paro nacional. Gremialistas y dirigentes pol\u00edticos abandonaron raudamente el escenario y el caos se adue\u00f1\u00f3 de la convocatoria dejando esa imagen como cierre.<\/p>\n<p>\u201cCon los dirigentes a la cabeza o con la cabeza de los dirigentes\u201d, avisa una antigua proclama de Per\u00f3n que las bases pol\u00edticas o sindicales agitan en coyunturas que ponen a prueba la combatividad de sus conductores. Como es el caso actual de un peronismo fuera del poder del Estado que negocia gobernabilidad con Cambiemos.<\/p>\n<p>El triunvirato de Juan Carlos Schmidt, Carlos Acu\u00f1a y H\u00e9ctor Daer as\u00ed como toda una estructura institucional cegetista se vio desbordada por una convocatoria mayor a la esperada, dada la situaci\u00f3n econ\u00f3mica de sectores medios, asalariados y de muchos peque\u00f1os empresarios. Si hasta el punto de protesta qued\u00f3 inapropiado (el Ministerio de Producci\u00f3n, Diagonal Sur y Moreno) ante tama\u00f1a concentraci\u00f3n, que cabe destacar cambio de lugar y de horario el acto central.<\/p>\n<p>Sus advertencias hac\u00eda el gobierno macrista sobre una posible medida de fuerza fueron tapadas por una lluvia de silbidos y disconformidad. \u201cPone la fecha\u201d, cantaban las alas m\u00e1s radicalizadas de la manifestaci\u00f3n, que con el cierre del acto, fueron por la cabeza de los dirigentes. Literalmente sitiados detr\u00e1s del escenario, algunos como el camionero Pablo Moyano gesticulaba contra los que les gritaban \u201chijos de Macri\u201d, entre otras ocurrencias.<\/p>\n<p>Como no salieron por las buenas, la dirigencia sali\u00f3 a la fuerza. Su fuerza de choque se trenz\u00f3 con militantes que no se amedrentaban y devolv\u00edan los empujones y algunas manos tambi\u00e9n. S\u00f3lo as\u00ed Acu\u00f1a y Schmidt pudieron salir de la zona de fuego, aunque bajo una nube de insultos y alg\u00fan botellazo.<\/p>\n<p>Al final del d\u00eda se fueron las multitudes arrastrando disconformidad, en busca de dirigentes que se pongan a la cabeza de sus reclamos.<\/p>\n<p><strong>TESTIMONIOS<\/strong><\/p>\n<p>Gabriel Katopodis, intendente de San Mart\u00edn: \u201cTenemos que construir una mayor\u00eda amplia, atractiva y plural como frente opositor. La unidad no debe ser un fin en s\u00ed mismo sino debe construirse detr\u00e1s de las demandas de los trabajadores\u201d.<\/p>\n<p>Leonardo Grosso, diputado nacional Movimiento Evita: \u201cEl Gobierno dice que tiene capacidad de corregir sus errores. Esperemos que despu\u00e9s de esta demostraci\u00f3n cambie su pol\u00edtica macroecon\u00f3mica\u201d.<\/p>\n<p>Daniel Men\u00e9ndez, coordinador nacional de Barrios de Pie: \u201cEstamos mal y vamos peor en este contexto donde quienes gobiernan deben tomar nota del enorme da\u00f1o que hacen sus pol\u00edticas\u201d.<\/p>\n","protected":false},"excerpt":{"rendered":"<p>El 7 de marzo amaneci\u00f3 con un sol tibio de fin de verano, que sali\u00f3 para todos: sindicalistas y kirchneristas, gremialistas combativos y de la izquierda, peronistas ortodoxos y j\u00f3venes nac&amp;pop. Para todos los que se hicieron eco de la convocatoria de una CGT reunificada contra \u201cel ajuste, los despidos y la apertura indiscriminada de [&hellip;]<\/p>\n","protected":false},"author":1,"featured_media":6800,"comment_status":"closed","ping_status":"open","sticky":false,"template":"","format":"standard","meta":{"footnotes":""},"categories":[49,30,48],"tags":[],"class_list":{"0":"post-6799","1":"post","2":"type-post","3":"status-publish","4":"format-standard","5":"has-post-thumbnail","7":"category-economia-y-gremiales","8":"category-nacion","9":"category-politica-argentina"},"aioseo_notices":[],"_links":{"self":[{"href":"https:\/\/guiadenoticias.com.ar\/diario\/wp-json\/wp\/v2\/posts\/6799","targetHints":{"allow":["GET"]}}],"collection":[{"href":"https:\/\/guiadenoticias.com.ar\/diario\/wp-json\/wp\/v2\/posts"}],"about":[{"href":"https:\/\/guiadenoticias.com.ar\/diario\/wp-json\/wp\/v2\/types\/post"}],"author":[{"embeddable":true,"href":"https:\/\/guiadenoticias.com.ar\/diario\/wp-json\/wp\/v2\/users\/1"}],"replies":[{"embeddable":true,"href":"https:\/\/guiadenoticias.com.ar\/diario\/wp-json\/wp\/v2\/comments?post=6799"}],"version-history":[{"count":3,"href":"https:\/\/guiadenoticias.com.ar\/diario\/wp-json\/wp\/v2\/posts\/6799\/revisions"}],"predecessor-version":[{"id":6803,"href":"https:\/\/guiadenoticias.com.ar\/diario\/wp-json\/wp\/v2\/posts\/6799\/revisions\/6803"}],"wp:featuredmedia":[{"embeddable":true,"href":"https:\/\/guiadenoticias.com.ar\/diario\/wp-json\/wp\/v2\/media\/6800"}],"wp:attachment":[{"href":"https:\/\/guiadenoticias.com.ar\/diario\/wp-json\/wp\/v2\/media?parent=6799"}],"wp:term":[{"taxonomy":"category","embeddable":true,"href":"https:\/\/guiadenoticias.com.ar\/diario\/wp-json\/wp\/v2\/categories?post=6799"},{"taxonomy":"post_tag","embeddable":true,"href":"https:\/\/guiadenoticias.com.ar\/diario\/wp-json\/wp\/v2\/tags?post=6799"}],"curies":[{"name":"wp","href":"https:\/\/api.w.org\/{rel}","templated":true}]}}