{"id":6817,"date":"2017-03-11T13:05:51","date_gmt":"2017-03-11T16:05:51","guid":{"rendered":"http:\/\/guiadenoticias.com.ar\/diario\/?p=6817"},"modified":"2017-03-11T13:06:09","modified_gmt":"2017-03-11T16:06:09","slug":"desde-las-heras-massa-retomo-la-iniciativa-politica","status":"publish","type":"post","link":"https:\/\/guiadenoticias.com.ar\/diario\/desde-las-heras-massa-retomo-la-iniciativa-politica\/","title":{"rendered":"Desde Las Heras, Massa retom\u00f3 la iniciativa pol\u00edtica"},"content":{"rendered":"<p>Sergio Massa mat\u00f3 varios p\u00e1jaros de un tiro. En una recorrida por Las Heras mostr\u00f3 nuevamente iniciativa en el tema de seguridad y, asimismo, realiz\u00f3 un plenario del Frente Renovador de la Primera Secci\u00f3n, donde hubo \u201cbajada de l\u00ednea\u201d ante la coyuntura actual pol\u00edtica; de paso, los medios de comunicaci\u00f3n volvieron a hablar del massismo.<\/p>\n<p>En su primera actividad p\u00fablica despu\u00e9s del viaje a Israel, durante una visita al municipio de Las Heras, el diputado nacional y l\u00edder del FR le envi\u00f3 un mensaje al Gobierno al reclamar que haya m\u00e1s inversiones en materia de seguridad y prevenci\u00f3n.<\/p>\n<p>Tras inaugurar junto al intendente Javier Osuna el Centro de Operaciones Municipales (COM), el ex candidato presidencial sostuvo que \u201ccuando se encarcela o se aplica una condena a alguien, significa que el Estado lleg\u00f3 tarde y perdi\u00f3 la batalla contra el delito. Por eso, cuando el Estado invierte en recursos, lo que hace es prevenir y cuidar al ciudadano\u201d.<\/p>\n<p>Por su parte, el intendente manifest\u00f3 que \u201cla inseguridad no es una sensaci\u00f3n, es un problema nacional, provincial y municipal. Los gobernantes no se tienen que hacer los distra\u00eddos. Hay que animarse a ponerse al frente de la lucha, asumir el riesgo. Para eso la gente nos vot\u00f3, para que demostremos qu\u00e9 podemos hacer por ellos\u201d.<\/p>\n<p>Massa estuvo acompa\u00f1ado por la titular del bloque legislativo del Frente Renovador &#8211; UNA, Graciela Cama\u00f1o; los diputados nacionales Marco Lavagna, Mirta Tundis y Carlos Selva; el vicepresidente de la C\u00e1mara de Diputados bonaerense, Ramiro Guti\u00e9rrez, los legisladores provinciales Jorge D\u2019Onofrio, Sebasti\u00e1n Galmarini y Rub\u00e9n Eslaiman; y concejales de la primera secci\u00f3n electoral, entre otros dirigentes.<\/p>\n","protected":false},"excerpt":{"rendered":"<p>Sergio Massa mat\u00f3 varios p\u00e1jaros de un tiro. En una recorrida por Las Heras mostr\u00f3 nuevamente iniciativa en el tema de seguridad y, asimismo, realiz\u00f3 un plenario del Frente Renovador de la Primera Secci\u00f3n, donde hubo \u201cbajada de l\u00ednea\u201d ante la coyuntura actual pol\u00edtica; de paso, los medios de comunicaci\u00f3n volvieron a hablar del massismo. [&hellip;]<\/p>\n","protected":false},"author":1,"featured_media":6818,"comment_status":"closed","ping_status":"open","sticky":false,"template":"","format":"standard","meta":{"footnotes":""},"categories":[48,31],"tags":[],"class_list":{"0":"post-6817","1":"post","2":"type-post","3":"status-publish","4":"format-standard","5":"has-post-thumbnail","7":"category-politica-argentina","8":"category-provincia"},"aioseo_notices":[],"_links":{"self":[{"href":"https:\/\/guiadenoticias.com.ar\/diario\/wp-json\/wp\/v2\/posts\/6817","targetHints":{"allow":["GET"]}}],"collection":[{"href":"https:\/\/guiadenoticias.com.ar\/diario\/wp-json\/wp\/v2\/posts"}],"about":[{"href":"https:\/\/guiadenoticias.com.ar\/diario\/wp-json\/wp\/v2\/types\/post"}],"author":[{"embeddable":true,"href":"https:\/\/guiadenoticias.com.ar\/diario\/wp-json\/wp\/v2\/users\/1"}],"replies":[{"embeddable":true,"href":"https:\/\/guiadenoticias.com.ar\/diario\/wp-json\/wp\/v2\/comments?post=6817"}],"version-history":[{"count":1,"href":"https:\/\/guiadenoticias.com.ar\/diario\/wp-json\/wp\/v2\/posts\/6817\/revisions"}],"predecessor-version":[{"id":6819,"href":"https:\/\/guiadenoticias.com.ar\/diario\/wp-json\/wp\/v2\/posts\/6817\/revisions\/6819"}],"wp:featuredmedia":[{"embeddable":true,"href":"https:\/\/guiadenoticias.com.ar\/diario\/wp-json\/wp\/v2\/media\/6818"}],"wp:attachment":[{"href":"https:\/\/guiadenoticias.com.ar\/diario\/wp-json\/wp\/v2\/media?parent=6817"}],"wp:term":[{"taxonomy":"category","embeddable":true,"href":"https:\/\/guiadenoticias.com.ar\/diario\/wp-json\/wp\/v2\/categories?post=6817"},{"taxonomy":"post_tag","embeddable":true,"href":"https:\/\/guiadenoticias.com.ar\/diario\/wp-json\/wp\/v2\/tags?post=6817"}],"curies":[{"name":"wp","href":"https:\/\/api.w.org\/{rel}","templated":true}]}}