{"id":6820,"date":"2017-03-11T13:23:04","date_gmt":"2017-03-11T16:23:04","guid":{"rendered":"http:\/\/guiadenoticias.com.ar\/diario\/?p=6820"},"modified":"2017-03-11T13:24:58","modified_gmt":"2017-03-11T16:24:58","slug":"sin-jorge-macri-el-pro-piensa-en-esteban-bullrich-para-las-elecciones","status":"publish","type":"post","link":"https:\/\/guiadenoticias.com.ar\/diario\/sin-jorge-macri-el-pro-piensa-en-esteban-bullrich-para-las-elecciones\/","title":{"rendered":"Sin Jorge Macri, PRO piensa en Esteban Bullrich para las elecciones"},"content":{"rendered":"<p>Los tiempos se acortan. En v\u00edsperas de la campa\u00f1a electoral que definir\u00e1 la suerte del segundo tramo del mandato de Mauricio Macri, el Gobierno empez\u00f3 a entrar en etapa de definiciones relacionadas con la gesti\u00f3n y con las elecciones. Ca\u00edda la candidatura de Jorge Macri, el PRO reflot\u00f3 en estos d\u00edas la eventual candidatura de Esteban Bullrich, uno de los ministros de mejor relaci\u00f3n con el Presidente, en la provincia de Buenos Aires.<\/p>\n<p>La figura de Bullrich sobrevol\u00f3 el extenso almuerzo que Macri comparti\u00f3 el jueves en la Casa Rosada con el jefe de Gabinete, Marcos Pe\u00f1a; la gobernadora Mar\u00eda Eugenia Vidal; el jefe de Gobierno porte\u00f1o, Horacio Rodr\u00edguez Larreta y el estratega Jaime Dur\u00e1n Barba, integrantes de la mesa chica del Gobierno. Seg\u00fan confiaron altas fuentes oficiales, fue durante esa comida en la que se termin\u00f3 de sepultar la eventual postulaci\u00f3n a senador del intendente de Vicente L\u00f3pez, enfrentado a Elisa Carri\u00f3, que en los \u00faltimos d\u00edas volvi\u00f3 a arremeter con dureza contra el primo del jefe de Estado. Adem\u00e1s, gravit\u00f3 el factor encuestas.<\/p>\n<p>\u00abEl veto fue terminal\u00bb, explicaron. En consecuencia, los comensales volvieron a levantar la figura del ministro de Educaci\u00f3n, cuyo nombre hab\u00eda sonado a mediados del a\u00f1o pasado como supuesto candidato de Cambiemos en Provincia para las elecciones de medio t\u00e9rmino. Tanto Rodr\u00edguez Larreta, como Pe\u00f1a y Dur\u00e1n Barba ven con agrado la postulaci\u00f3n del ministro, aunque ser\u00e1 Macri quien tenga la \u00faltima palabra.<\/p>\n<p>Desde el entorno del jefe de Estado aseguraron que en los \u00faltimos d\u00edas hubo varias se\u00f1ales desde la c\u00fapula del PRO hacia el funcionario en ese sentido, aunque cerca suyo dijeron que no tuvo ning\u00fan ofrecimiento formal y que son versiones que datan desde hace tiempo. \u00abLe encanta lo que hace, no quiere saber nada\u00bb, explicaron. Bullrich fue uno de los protagonistas de la reuni\u00f3n de gabinete del martes pasado en la quinta de Olivos y volvi\u00f3 a hablar por tel\u00e9fono con el mandatario al d\u00eda siguiente por el conflicto docente, que hasta ahora apenas lo salpica.<\/p>\n<p>En noviembre del a\u00f1o pasado, cuando le consultaron por una eventual postulaci\u00f3n del ministro, Macri fue tajante: \u00abNo voy a sacar a uno de los mejores ministros de Educaci\u00f3n de la historia por una elecci\u00f3n\u00bb. La ausencia de un candidato con buena imagen y del agrado de la mesa chica del Gobierno podr\u00edan torcer aquella negativa presidencial. Para colmo, la figura de Bullrich comienza a cobrar mayor relevancia en medio de la puja con los gremios docentes bonaerenses y ante un conflicto que parece sostenerse en el tiempo.<\/p>\n<p>El viernes por la tarde, el PRO se reuni\u00f3 en plenario en el sal\u00f3n Sirio Liban\u00e9s del barrio porte\u00f1o de Saavedra, a metros de la General Paz. Si bien negaron haber discutido candidaturas, la puja interna en Buenos Aires domin\u00f3 los corrillos.<\/p>\n<p>El adelanto de este medio sobre la negativa al intendente de Vicente L\u00f3pez a encabezar la lista de senadores sacudi\u00f3 el avispero. De hecho, el primo del Presidente hab\u00eda confirmado su participaci\u00f3n en la reuni\u00f3n partidaria pero nunca apareci\u00f3. Sin aviso.<\/p>\n<p>La baja del intendente obedece a tres razones. Su apellido, que tiene baja aceptaci\u00f3n en los sectores m\u00e1s duros del Conurbano bonaerense. Su poco vuelo en las encuestas. Y la resistencia f\u00e9rrea de Carri\u00f3.<\/p>\n<p>La l\u00edder de la Coalici\u00f3n C\u00edvica, resistida por Vidal y por gran parte de la c\u00fapula del PRO, es una de las principales inquietudes electorales del Gobierno de este a\u00f1o. En ese c\u00f3ctel explosivo, sumado al dilema por la candidatura de Cristina Kirchner y la interna peronista, cobra notoriedad la figura de Bullrich.<\/p>\n","protected":false},"excerpt":{"rendered":"<p>Los tiempos se acortan. En v\u00edsperas de la campa\u00f1a electoral que definir\u00e1 la suerte del segundo tramo del mandato de Mauricio Macri, el Gobierno empez\u00f3 a entrar en etapa de definiciones relacionadas con la gesti\u00f3n y con las elecciones. Ca\u00edda la candidatura de Jorge Macri, el PRO reflot\u00f3 en estos d\u00edas la eventual candidatura de [&hellip;]<\/p>\n","protected":false},"author":1,"featured_media":6821,"comment_status":"closed","ping_status":"open","sticky":false,"template":"","format":"standard","meta":{"footnotes":""},"categories":[30,48,31],"tags":[],"class_list":{"0":"post-6820","1":"post","2":"type-post","3":"status-publish","4":"format-standard","5":"has-post-thumbnail","7":"category-nacion","8":"category-politica-argentina","9":"category-provincia"},"aioseo_notices":[],"_links":{"self":[{"href":"https:\/\/guiadenoticias.com.ar\/diario\/wp-json\/wp\/v2\/posts\/6820","targetHints":{"allow":["GET"]}}],"collection":[{"href":"https:\/\/guiadenoticias.com.ar\/diario\/wp-json\/wp\/v2\/posts"}],"about":[{"href":"https:\/\/guiadenoticias.com.ar\/diario\/wp-json\/wp\/v2\/types\/post"}],"author":[{"embeddable":true,"href":"https:\/\/guiadenoticias.com.ar\/diario\/wp-json\/wp\/v2\/users\/1"}],"replies":[{"embeddable":true,"href":"https:\/\/guiadenoticias.com.ar\/diario\/wp-json\/wp\/v2\/comments?post=6820"}],"version-history":[{"count":3,"href":"https:\/\/guiadenoticias.com.ar\/diario\/wp-json\/wp\/v2\/posts\/6820\/revisions"}],"predecessor-version":[{"id":6824,"href":"https:\/\/guiadenoticias.com.ar\/diario\/wp-json\/wp\/v2\/posts\/6820\/revisions\/6824"}],"wp:featuredmedia":[{"embeddable":true,"href":"https:\/\/guiadenoticias.com.ar\/diario\/wp-json\/wp\/v2\/media\/6821"}],"wp:attachment":[{"href":"https:\/\/guiadenoticias.com.ar\/diario\/wp-json\/wp\/v2\/media?parent=6820"}],"wp:term":[{"taxonomy":"category","embeddable":true,"href":"https:\/\/guiadenoticias.com.ar\/diario\/wp-json\/wp\/v2\/categories?post=6820"},{"taxonomy":"post_tag","embeddable":true,"href":"https:\/\/guiadenoticias.com.ar\/diario\/wp-json\/wp\/v2\/tags?post=6820"}],"curies":[{"name":"wp","href":"https:\/\/api.w.org\/{rel}","templated":true}]}}