{"id":6831,"date":"2017-03-13T03:02:25","date_gmt":"2017-03-13T06:02:25","guid":{"rendered":"http:\/\/guiadenoticias.com.ar\/diario\/?p=6831"},"modified":"2017-03-13T03:02:49","modified_gmt":"2017-03-13T06:02:49","slug":"valenzuela-inauguro-el-centro-integral-de-la-mujer","status":"publish","type":"post","link":"https:\/\/guiadenoticias.com.ar\/diario\/valenzuela-inauguro-el-centro-integral-de-la-mujer\/","title":{"rendered":"Valenzuela inaugur\u00f3 el Centro Integral de la Mujer"},"content":{"rendered":"<p>En el marco del D\u00eda Internacional de las Mujeres, el intendente Diego Valenzuela inaugur\u00f3 el nuevo Centro Integral de la Mujer (CIM) en Caseros para dar asistencia y contenci\u00f3n a las v\u00edctimas de violencia de g\u00e9nero. Luego hubo un encuentro de charlas abiertas en el Cine Teatro Ocean.<\/p>\n<p>El nuevo espacio se encuentra en Urquiza 4473 y atiende de lunes a viernes de 8 a 17 y cuenta con una estructura segura y privada para brindar atenci\u00f3n, asistencia, contenci\u00f3n y asesoramiento jur\u00eddico, psicol\u00f3gico y social.<\/p>\n<p>El jefe comunal mencion\u00f3 que \u201ces necesario contar con un Estado presente para acompa\u00f1ar, asistir y estar con las mujeres cuando lo necesitan\u201d. Adem\u00e1s, lo acompa\u00f1aron en la inauguraci\u00f3n Daniela Reich, subsecretaria de Pol\u00edticas de G\u00e9nero y Diversidad de Provincia; y Elina Rossi, directora de Mujer y Pol\u00edticas de G\u00e9nero.<\/p>\n<p>Desde el municipio informaron que desde diciembre de 2015 se atendieron 500 casos de violencia de g\u00e9nero. La Direcci\u00f3n de Mujer y Pol\u00edticas de G\u00e9neros, adem\u00e1s de poner en marcha un espacio privado para las mujeres, incorpor\u00f3 nuevos profesionales a su equipo interdisciplinario y agreg\u00f3, a la demanda por derivaci\u00f3n institucional, la demanda espont\u00e1nea. Dentro de sus actividades organiza y dicta talleres sobre violencia de g\u00e9nero en escuelas secundarias, organizaciones sociales, clubes y empresas, y capacita a profesionales del \u00e1rea educativa, del sistema de salud y empleados municipales en la detecci\u00f3n de a la poblaci\u00f3n v\u00edctimas de este flagelo.<\/p>\n","protected":false},"excerpt":{"rendered":"<p>En el marco del D\u00eda Internacional de las Mujeres, el intendente Diego Valenzuela inaugur\u00f3 el nuevo Centro Integral de la Mujer (CIM) en Caseros para dar asistencia y contenci\u00f3n a las v\u00edctimas de violencia de g\u00e9nero. Luego hubo un encuentro de charlas abiertas en el Cine Teatro Ocean. El nuevo espacio se encuentra en Urquiza [&hellip;]<\/p>\n","protected":false},"author":1,"featured_media":6832,"comment_status":"closed","ping_status":"open","sticky":false,"template":"","format":"standard","meta":{"footnotes":""},"categories":[20,26],"tags":[],"class_list":{"0":"post-6831","1":"post","2":"type-post","3":"status-publish","4":"format-standard","5":"has-post-thumbnail","7":"category-municipios","8":"category-tres-de-febrero"},"aioseo_notices":[],"_links":{"self":[{"href":"https:\/\/guiadenoticias.com.ar\/diario\/wp-json\/wp\/v2\/posts\/6831","targetHints":{"allow":["GET"]}}],"collection":[{"href":"https:\/\/guiadenoticias.com.ar\/diario\/wp-json\/wp\/v2\/posts"}],"about":[{"href":"https:\/\/guiadenoticias.com.ar\/diario\/wp-json\/wp\/v2\/types\/post"}],"author":[{"embeddable":true,"href":"https:\/\/guiadenoticias.com.ar\/diario\/wp-json\/wp\/v2\/users\/1"}],"replies":[{"embeddable":true,"href":"https:\/\/guiadenoticias.com.ar\/diario\/wp-json\/wp\/v2\/comments?post=6831"}],"version-history":[{"count":1,"href":"https:\/\/guiadenoticias.com.ar\/diario\/wp-json\/wp\/v2\/posts\/6831\/revisions"}],"predecessor-version":[{"id":6833,"href":"https:\/\/guiadenoticias.com.ar\/diario\/wp-json\/wp\/v2\/posts\/6831\/revisions\/6833"}],"wp:featuredmedia":[{"embeddable":true,"href":"https:\/\/guiadenoticias.com.ar\/diario\/wp-json\/wp\/v2\/media\/6832"}],"wp:attachment":[{"href":"https:\/\/guiadenoticias.com.ar\/diario\/wp-json\/wp\/v2\/media?parent=6831"}],"wp:term":[{"taxonomy":"category","embeddable":true,"href":"https:\/\/guiadenoticias.com.ar\/diario\/wp-json\/wp\/v2\/categories?post=6831"},{"taxonomy":"post_tag","embeddable":true,"href":"https:\/\/guiadenoticias.com.ar\/diario\/wp-json\/wp\/v2\/tags?post=6831"}],"curies":[{"name":"wp","href":"https:\/\/api.w.org\/{rel}","templated":true}]}}