{"id":6834,"date":"2017-03-13T03:13:37","date_gmt":"2017-03-13T06:13:37","guid":{"rendered":"http:\/\/guiadenoticias.com.ar\/diario\/?p=6834"},"modified":"2017-03-13T03:14:49","modified_gmt":"2017-03-13T06:14:49","slug":"miles-de-personas-corrieron-en-ituzaingo-por-mas-derechos-y-mas-igualdad","status":"publish","type":"post","link":"https:\/\/guiadenoticias.com.ar\/diario\/miles-de-personas-corrieron-en-ituzaingo-por-mas-derechos-y-mas-igualdad\/","title":{"rendered":"Miles de personas corrieron por M\u00e1s Derechos y M\u00e1s Igualdad"},"content":{"rendered":"<p>M\u00e1s de 7000 vecinos fueron parte de la marat\u00f3n \u201cCorremos por m\u00e1s derechos y m\u00e1s igualdad\u201d que organiza desde hace cinco a\u00f1os el Consejo Mujeres de Ituzaing\u00f3 por la Igualdad de G\u00e9nero con la idea de profundizar las pol\u00edticas de g\u00e9nero impulsadas desde el municipio.<\/p>\n<p>Los participantes se dieron en la Plaza 20 de Febrero para sumarse a la jornada que comenz\u00f3 con una entrada en calor a cargo de profesores de educaci\u00f3n f\u00edsica.<\/p>\n<p>En ese marco, la directora \u00a0del Consejo Mujeres de Ituzaing\u00f3 por la Igualdad de G\u00e9nero, Marta P\u00e9rez, sostuvo que \u201cesta no es una carrera m\u00e1s, es una carrera que crea conciencia y visibiliza una problem\u00e1tica. Cada uno de los que hoy corre sabe por qu\u00e9 lo est\u00e1 haciendo, por menos violencia, por menos femicidios y m\u00e1s derechos\u201d.<\/p>\n<p>\u201cLamentablemente, las estad\u00edsticas de femicidios han empeorado, cada 18 horas una mujer muere a causa de violencia de g\u00e9nero y eso nos duele, pero tambi\u00e9n sabemos que hay que seguir trabajando en cada escuela, articulando con diferentes sectores como lo hacemos en la Mesa Local por la No Violencia, donde participan representantes de la Justicia, organizaciones sociales y la Comisar\u00eda de la Mujer\u201d, agreg\u00f3 la funcionaria.<\/p>\n<p>El intendente Alberto Descalzo minutos antes de dar inicio a la carrera expres\u00f3 su reflexi\u00f3n acerca de la jornada: \u201cEstamos contentos porque cada a\u00f1o son m\u00e1s los deportistas, vecinos y familias enteras con sus ni\u00f1os que se suman a participar de la marat\u00f3n. Esta jornada es posible gracias al enorme trabajo que realizan desde el Consejo Mujeres, un \u00e1rea que creamos en el a\u00f1o 2010 para luchar contra la violencia machista en nuestro distrito\u201d.<\/p>\n<p>A\u00f1adi\u00f3 que \u201cen Ituzaing\u00f3, esta lucha es una pol\u00edtica de Estado, somos uno de los pocos distritos que tiene un refugio para v\u00edctimas de violencia de g\u00e9nero, pero sin dudas necesitamos que tambi\u00e9n sea importante para el gobierno provincial y nacional, porque la violencia no se soluciona levantando un cartel o dando un discurso, son necesarios recursos econ\u00f3micos destinados a pol\u00edticas p\u00fablicas concretas\u201d.<\/p>\n","protected":false},"excerpt":{"rendered":"<p>M\u00e1s de 7000 vecinos fueron parte de la marat\u00f3n \u201cCorremos por m\u00e1s derechos y m\u00e1s igualdad\u201d que organiza desde hace cinco a\u00f1os el Consejo Mujeres de Ituzaing\u00f3 por la Igualdad de G\u00e9nero con la idea de profundizar las pol\u00edticas de g\u00e9nero impulsadas desde el municipio. Los participantes se dieron en la Plaza 20 de Febrero [&hellip;]<\/p>\n","protected":false},"author":1,"featured_media":6835,"comment_status":"closed","ping_status":"open","sticky":false,"template":"","format":"standard","meta":{"footnotes":""},"categories":[29,20],"tags":[],"class_list":{"0":"post-6834","1":"post","2":"type-post","3":"status-publish","4":"format-standard","5":"has-post-thumbnail","7":"category-ituzaingo","8":"category-municipios"},"aioseo_notices":[],"_links":{"self":[{"href":"https:\/\/guiadenoticias.com.ar\/diario\/wp-json\/wp\/v2\/posts\/6834","targetHints":{"allow":["GET"]}}],"collection":[{"href":"https:\/\/guiadenoticias.com.ar\/diario\/wp-json\/wp\/v2\/posts"}],"about":[{"href":"https:\/\/guiadenoticias.com.ar\/diario\/wp-json\/wp\/v2\/types\/post"}],"author":[{"embeddable":true,"href":"https:\/\/guiadenoticias.com.ar\/diario\/wp-json\/wp\/v2\/users\/1"}],"replies":[{"embeddable":true,"href":"https:\/\/guiadenoticias.com.ar\/diario\/wp-json\/wp\/v2\/comments?post=6834"}],"version-history":[{"count":2,"href":"https:\/\/guiadenoticias.com.ar\/diario\/wp-json\/wp\/v2\/posts\/6834\/revisions"}],"predecessor-version":[{"id":6837,"href":"https:\/\/guiadenoticias.com.ar\/diario\/wp-json\/wp\/v2\/posts\/6834\/revisions\/6837"}],"wp:featuredmedia":[{"embeddable":true,"href":"https:\/\/guiadenoticias.com.ar\/diario\/wp-json\/wp\/v2\/media\/6835"}],"wp:attachment":[{"href":"https:\/\/guiadenoticias.com.ar\/diario\/wp-json\/wp\/v2\/media?parent=6834"}],"wp:term":[{"taxonomy":"category","embeddable":true,"href":"https:\/\/guiadenoticias.com.ar\/diario\/wp-json\/wp\/v2\/categories?post=6834"},{"taxonomy":"post_tag","embeddable":true,"href":"https:\/\/guiadenoticias.com.ar\/diario\/wp-json\/wp\/v2\/tags?post=6834"}],"curies":[{"name":"wp","href":"https:\/\/api.w.org\/{rel}","templated":true}]}}