{"id":6843,"date":"2017-03-13T17:03:36","date_gmt":"2017-03-13T20:03:36","guid":{"rendered":"http:\/\/guiadenoticias.com.ar\/diario\/?p=6843"},"modified":"2017-03-13T17:03:49","modified_gmt":"2017-03-13T20:03:49","slug":"andreotti-responsabiliza-al-gobierno-por-los-dias-sin-clases","status":"publish","type":"post","link":"https:\/\/guiadenoticias.com.ar\/diario\/andreotti-responsabiliza-al-gobierno-por-los-dias-sin-clases\/","title":{"rendered":"Andreotti responsabiliza al Gobierno por los d\u00edas sin clases"},"content":{"rendered":"<p>El intendente de San Fernando, Luis Andreotti, lament\u00f3 la continuidad del conflicto paritario docente que mantiene sin clases a los alumnos bonaerenses. Responsabiliz\u00f3 al gobierno nacional por \u201cbuscar desligarse del conflicto, cuando se queda con el 75% de los recursos que recauda el pa\u00eds\u201d, y asever\u00f3 que \u201cla educaci\u00f3n es una prioridad, es la inversi\u00f3n en el futuro y mejorarla deber\u00eda estar dentro de los objetivos de quienes nos gobiernan\u201d.<\/p>\n<p>Transcurri\u00f3 una semana de la fecha pautada para el inicio del ciclo lectivo y las escuelas p\u00fablicas de la Provincia permanecen vac\u00edas. El anunciado conflicto paritario docente contin\u00faa, luego de que el \u00faltimo viernes, los gremios rechazaran una nueva oferta por parte del Estado bonaerense que contemplaba un incremento salarial del 19% en tres cuotas y un bono no remunerativo.<\/p>\n<p>En este sentido, el jefe comunal consider\u00f3 que \u201clas principales v\u00edctimas aqu\u00ed son los chicos, por eso debemos discutir con los alumnos en clase y hacer el aporte econ\u00f3mico necesario para achicar la brecha social porque se profundiza una escuela p\u00fablica para pobres y otra para los que pueden pagar\u201d.<\/p>\n<p>Sostuvo que \u201cel primer responsable es el ministro de Educaci\u00f3n de Naci\u00f3n (Esteban Bullrich), quien se quiere desligar del conflicto cuando en el esquema tributario actual, el 75% de los recursos que recauda el pa\u00eds se los queda el gobierno nacional\u201d.<\/p>\n<p>Por otro lado, el intendente reclam\u00f3 la modificaci\u00f3n del \u00edndice de coparticipaci\u00f3n que contin\u00faa vulnerando a la provincia de Buenos Aires, a pesar de ser el distrito que, por un lado, hace el mayor aporte a la recaudaci\u00f3n fiscal, y por el otro, concentra a 4 de cada 10 pobres que habitan en el pa\u00eds.<\/p>\n<p>\u201cSi la gobernadora (Mar\u00eda Eugenia) Vidal expresa que el Estado bonaerense est\u00e1 fundido, y no puede otorgar un incremento salarial mayor al 19%, debe tener en cuenta que los municipios no se pueden hacer cargo, a pesar de que hoy son la primera contenci\u00f3n y se ven obligados a auxiliar a los vecinos en problem\u00e1ticas como educaci\u00f3n, salud, seguridad, obras h\u00eddricas\u201d, enumer\u00f3.<\/p>\n<p>Andreotti concluy\u00f3: \u201cSi el gobierno provincial y el nacional quieren chicos con una mejor educaci\u00f3n, no pueden permitir d\u00edas sin clases. Tienen que hacer un gran esfuerzo para combatir la desigualdad y la brecha social, porque si tenemos una educaci\u00f3n mala, el futuro de nuestra sociedad va ser malo\u201d.<\/p>\n","protected":false},"excerpt":{"rendered":"<p>El intendente de San Fernando, Luis Andreotti, lament\u00f3 la continuidad del conflicto paritario docente que mantiene sin clases a los alumnos bonaerenses. Responsabiliz\u00f3 al gobierno nacional por \u201cbuscar desligarse del conflicto, cuando se queda con el 75% de los recursos que recauda el pa\u00eds\u201d, y asever\u00f3 que \u201cla educaci\u00f3n es una prioridad, es la inversi\u00f3n [&hellip;]<\/p>\n","protected":false},"author":1,"featured_media":6844,"comment_status":"closed","ping_status":"open","sticky":false,"template":"","format":"standard","meta":{"footnotes":""},"categories":[20,48,22],"tags":[],"class_list":{"0":"post-6843","1":"post","2":"type-post","3":"status-publish","4":"format-standard","5":"has-post-thumbnail","7":"category-municipios","8":"category-politica-argentina","9":"category-san-fernando"},"aioseo_notices":[],"_links":{"self":[{"href":"https:\/\/guiadenoticias.com.ar\/diario\/wp-json\/wp\/v2\/posts\/6843","targetHints":{"allow":["GET"]}}],"collection":[{"href":"https:\/\/guiadenoticias.com.ar\/diario\/wp-json\/wp\/v2\/posts"}],"about":[{"href":"https:\/\/guiadenoticias.com.ar\/diario\/wp-json\/wp\/v2\/types\/post"}],"author":[{"embeddable":true,"href":"https:\/\/guiadenoticias.com.ar\/diario\/wp-json\/wp\/v2\/users\/1"}],"replies":[{"embeddable":true,"href":"https:\/\/guiadenoticias.com.ar\/diario\/wp-json\/wp\/v2\/comments?post=6843"}],"version-history":[{"count":1,"href":"https:\/\/guiadenoticias.com.ar\/diario\/wp-json\/wp\/v2\/posts\/6843\/revisions"}],"predecessor-version":[{"id":6845,"href":"https:\/\/guiadenoticias.com.ar\/diario\/wp-json\/wp\/v2\/posts\/6843\/revisions\/6845"}],"wp:featuredmedia":[{"embeddable":true,"href":"https:\/\/guiadenoticias.com.ar\/diario\/wp-json\/wp\/v2\/media\/6844"}],"wp:attachment":[{"href":"https:\/\/guiadenoticias.com.ar\/diario\/wp-json\/wp\/v2\/media?parent=6843"}],"wp:term":[{"taxonomy":"category","embeddable":true,"href":"https:\/\/guiadenoticias.com.ar\/diario\/wp-json\/wp\/v2\/categories?post=6843"},{"taxonomy":"post_tag","embeddable":true,"href":"https:\/\/guiadenoticias.com.ar\/diario\/wp-json\/wp\/v2\/tags?post=6843"}],"curies":[{"name":"wp","href":"https:\/\/api.w.org\/{rel}","templated":true}]}}