{"id":6852,"date":"2017-03-14T00:16:18","date_gmt":"2017-03-14T03:16:18","guid":{"rendered":"http:\/\/guiadenoticias.com.ar\/diario\/?p=6852"},"modified":"2017-03-14T00:16:31","modified_gmt":"2017-03-14T03:16:31","slug":"patricia-rodriguez-me-propongo-que-la-informacion-nos-llegue-a-todos","status":"publish","type":"post","link":"https:\/\/guiadenoticias.com.ar\/diario\/patricia-rodriguez-me-propongo-que-la-informacion-nos-llegue-a-todos\/","title":{"rendered":"Patricia Rodr\u00edguez: \u201cMe propongo que la informaci\u00f3n nos llegue a todos\u201d"},"content":{"rendered":"<p>Patricia Rodr\u00edguez es desde marzo la flamante presidenta del Bloque Cambiemos de Tres de Febrero. Movida que llev\u00f3 algunos meses de conversaciones entre los seis integrantes del bloque, pero que nunca gener\u00f3 chispazos. En di\u00e1logo con Gu\u00eda de Noticias, la vecina de Villa Bosch anticip\u00f3 cu\u00e1l ser\u00e1 el perfil de la bancada oficialista en esta nueva etapa.<\/p>\n<p>\u201cEl tema de la conducci\u00f3n a nivel bloque es algo que el a\u00f1o pasado, si bien estaba Claudia (Mormont) a cargo tuvo algunos problemas de salud, y muchas veces el resto de los concejales \u00edbamos a las reuniones de labor. Se fue dando un trabajo en equipo, no es que hab\u00eda un tema de cartel\u201d, aclar\u00f3 en el inicio de la charla.<\/p>\n<p>Y explic\u00f3: \u201cEl cambio se dio, entre otras cosas, porque evaluamos la permanencia en el Concejo; hay concejales que jugar\u00e1n nuevamente un mandato o tendr\u00e1n otro destino. Est\u00e1 el caso de Marcelo Bello, que tiene que definir con su partido, la UCR. Yo soy la que estaba m\u00e1s libre de obligaciones\u201d.<\/p>\n<p>Sobre su antecesora, que no tuvo un rol destacado hacia afuera, consider\u00f3 que \u201ccumpli\u00f3 un rol importante el a\u00f1o pasado, en un bloque integrado por personas que no nos conoc\u00edamos en el trabajo diario,\u00a0 ella era la \u00fanica que pod\u00eda aglutinarnos en un primer momento\u201d.<\/p>\n<p>En cuanto a la impronta que piensa imprimirle al Bloque Cambiemos, Rodr\u00edguez coment\u00f3, \u201cyo me propongo que la informaci\u00f3n nos llegue a todos en tiempo y forma, y por otro lado que todos participemos en las sesiones, que sea algo parejo, que cada uno pueda hablar un tema\u201d.<\/p>\n<p><strong>TIRE Y AFLOJE CON LA OPOSICI\u00d3N<\/strong><\/p>\n<p>A su vez, Rodr\u00edguez preside la Comisi\u00f3n de Hacienda y Presupuesto, abocada hoy al estudio de la documentaci\u00f3n relacionada con la primera Rendici\u00f3n de Cuentas de la gesti\u00f3n de Valenzuela. \u201cUno espera que lo que vot\u00f3 en cada una de las \u00e1reas se vea plasmado y ese dinero haya ido a donde correspond\u00eda\u201d, confi\u00f3.<\/p>\n<p>Y us\u00f3 el ejemplo de Seguridad: \u201cSi dijimos que para nosotros es un tema importante, porque es importante para toda la comunidad, y desde el Ejecutivo se decidi\u00f3 elevarlo al rango de secretar\u00eda y dotarla de un mont\u00f3n de recursos, queremos ver que esos recursos se hayan empleado espec\u00edficamente en seguridad\u201d.<\/p>\n<p>El tratamiento en el recinto ser\u00eda a fin de mes, ocasi\u00f3n en la que la oposici\u00f3n pondr\u00e1 bajo la lupa al oficialismo. M\u00e1s all\u00e1 de un debate caliente garantizado, la concejal cree que la Rendici\u00f3n ser\u00e1 aprobada sin complicaciones. \u201cMe parece que se adelantaron los tiempos, ya hay un clima pre electoral. Pero no deber\u00eda influir en la decisi\u00f3n final de aprobarla\u201d.<\/p>\n<p>Consultada sobre las cr\u00edticas al manejo del jefe comunal del \u00e1rea de seguridad, se\u00f1al\u00f3, \u201cno s\u00e9 qu\u00e9 es lo que buscan. El intendente interviene cada vez que ocurre un hecho grave de inseguridad. Pero primero existe un protocolo articulado con varias \u00e1reas. La primera persona que tiene que estar ah\u00ed no es el intendente, eso casi se torna en politiquer\u00eda; para eso est\u00e1n los funcionarios, la delegaci\u00f3n de funciones no es s\u00f3lo para darle un carguito a alguien. Sacarse una foto con v\u00edctimas no es la impronta de este gobierno\u201d.<\/p>\n","protected":false},"excerpt":{"rendered":"<p>Patricia Rodr\u00edguez es desde marzo la flamante presidenta del Bloque Cambiemos de Tres de Febrero. Movida que llev\u00f3 algunos meses de conversaciones entre los seis integrantes del bloque, pero que nunca gener\u00f3 chispazos. En di\u00e1logo con Gu\u00eda de Noticias, la vecina de Villa Bosch anticip\u00f3 cu\u00e1l ser\u00e1 el perfil de la bancada oficialista en esta [&hellip;]<\/p>\n","protected":false},"author":1,"featured_media":6853,"comment_status":"closed","ping_status":"open","sticky":false,"template":"","format":"standard","meta":{"footnotes":""},"categories":[20,48,26],"tags":[],"class_list":{"0":"post-6852","1":"post","2":"type-post","3":"status-publish","4":"format-standard","5":"has-post-thumbnail","7":"category-municipios","8":"category-politica-argentina","9":"category-tres-de-febrero"},"aioseo_notices":[],"_links":{"self":[{"href":"https:\/\/guiadenoticias.com.ar\/diario\/wp-json\/wp\/v2\/posts\/6852","targetHints":{"allow":["GET"]}}],"collection":[{"href":"https:\/\/guiadenoticias.com.ar\/diario\/wp-json\/wp\/v2\/posts"}],"about":[{"href":"https:\/\/guiadenoticias.com.ar\/diario\/wp-json\/wp\/v2\/types\/post"}],"author":[{"embeddable":true,"href":"https:\/\/guiadenoticias.com.ar\/diario\/wp-json\/wp\/v2\/users\/1"}],"replies":[{"embeddable":true,"href":"https:\/\/guiadenoticias.com.ar\/diario\/wp-json\/wp\/v2\/comments?post=6852"}],"version-history":[{"count":1,"href":"https:\/\/guiadenoticias.com.ar\/diario\/wp-json\/wp\/v2\/posts\/6852\/revisions"}],"predecessor-version":[{"id":6854,"href":"https:\/\/guiadenoticias.com.ar\/diario\/wp-json\/wp\/v2\/posts\/6852\/revisions\/6854"}],"wp:featuredmedia":[{"embeddable":true,"href":"https:\/\/guiadenoticias.com.ar\/diario\/wp-json\/wp\/v2\/media\/6853"}],"wp:attachment":[{"href":"https:\/\/guiadenoticias.com.ar\/diario\/wp-json\/wp\/v2\/media?parent=6852"}],"wp:term":[{"taxonomy":"category","embeddable":true,"href":"https:\/\/guiadenoticias.com.ar\/diario\/wp-json\/wp\/v2\/categories?post=6852"},{"taxonomy":"post_tag","embeddable":true,"href":"https:\/\/guiadenoticias.com.ar\/diario\/wp-json\/wp\/v2\/tags?post=6852"}],"curies":[{"name":"wp","href":"https:\/\/api.w.org\/{rel}","templated":true}]}}