{"id":6881,"date":"2017-03-16T01:17:09","date_gmt":"2017-03-16T04:17:09","guid":{"rendered":"http:\/\/guiadenoticias.com.ar\/diario\/?p=6881"},"modified":"2017-03-16T01:17:23","modified_gmt":"2017-03-16T04:17:23","slug":"el-pro-dispuso-dos-nuevas-salidas-del-gobierno","status":"publish","type":"post","link":"https:\/\/guiadenoticias.com.ar\/diario\/el-pro-dispuso-dos-nuevas-salidas-del-gobierno\/","title":{"rendered":"El PRO dispuso dos nuevas salidas del Gobierno"},"content":{"rendered":"<p>El desplazamiento de Carlos Regazzoni al frente del Pami y de Esteban Conte, en el Ministerio de Justicia de Naci\u00f3n, ocurri\u00f3 de modo similar al que en su momento protagonizaron el ex ministro de Hacienda y Finanzas, Alfonso Prat Gay; Isela Costantini (Aerol\u00edneas Argentinas) y Carlos Melconian (Banco Naci\u00f3n); Daniel Chain, ex secretario de Obras P\u00fablicas, y Daniel P\u00e9rez Bali\u00f1o, secretario de Salud.<\/p>\n<p>Cabe indicar que una de las caracter\u00edsticas que une a los funcionarios salientes es que, en algunos casos, ten\u00edan una alta exposici\u00f3n medi\u00e1tica y en otros una cercan\u00eda o amistad con el presidente Mauricio Macri lo que provoc\u00f3 desavenencias con la Jefatura de Gabinete.<\/p>\n<p>Si bien en la Rosada defiende a capa y espada el compromiso de Regazzoni con Cambiemos, admiten que hubo problemas de gesti\u00f3n que determinaron su salida. Algunos se\u00f1alan que en particular tuvo discrepancias con Lopetegui y con Quintana.<\/p>\n<p>Destacan la gesti\u00f3n de Regazzoni al frente del PAMI, como en su momento lo hicieron con Prat Gay e Isella Costantini, lo cierto es que tambi\u00e9n admiten, en off the record, que hubo algunos problemas que terminaron por desgastar el v\u00ednculo con los ministros coordinadores.<\/p>\n<p>Algunos incluso hablan que la decisi\u00f3n de apartar a Regazzoni del PAMI se tom\u00f3 hace un par de semanas. Ahora los destinos de la obra social de los jubilados estar\u00e1n en manos de Sergio Cassinotti, quien ocupaba el IOMA.<\/p>\n<p>Tambi\u00e9n trascendi\u00f3 que uno de los problemas de gesti\u00f3n que tuvo Regazzoni es que no estaba muy de acuerdo de aplicar un fuerte ajuste presupuestario en el PAMI. Este ajuste se enmarca en un pedido de la Jefatura de Gabinete a todos los ministerios y organismos descentralizados para conseguir la meta de 4,2% de d\u00e9ficit.<\/p>\n<p>Seg\u00fan se indica en el comunicado oficial, Regazzoni pasar\u00e1 a cumplir tareas a nivel partidario en el marco del frente Cambiemos en la provincia de Buenos Aires.<\/p>\n<p>Casinotti cuenta con experiencia en el sector salud ya que presidi\u00f3 la obra social de la Uni\u00f3n Personal Civil de la Naci\u00f3n. Hasta fines de noviembre de 2015 fue director ejecutivo de la C\u00e1mara de Droguer\u00edas y Distribuidoras Especializadas. Lleg\u00f3 a la funci\u00f3n p\u00fablica envuelto en un esc\u00e1ndalo.<\/p>\n<p><strong>CAMBIOS EN JUSTICIA<\/strong><\/p>\n<p>Con la salida del titular del PAMI tambi\u00e9n lleg\u00f3 el anuncio de otro cambio en el Gobierno: se trata de Esteban Conte Grand, jefe de Gabinete del Ministerio de Justicia de la Naci\u00f3n, quien ser\u00e1 reemplazado por Mart\u00edn Casares, hasta hoy subsecretario de Pol\u00edtica Criminal.<\/p>\n<p>Seg\u00fan se dio a conocer, el segundo de Germ\u00e1n Garavano habr\u00eda presentado la renuncia por motivos personales.<\/p>\n<p>Casares encabezaba hasta el momento la subsecretar\u00eda que tiene a cargo la redacci\u00f3n de la iniciativa del Gobierno para bajar la edad de imputabilidad. A partir de ahora, Juan Jos\u00e9 Ben\u00edtez, quien era jefe de Gabinete en esa dependencia, ocupar\u00e1 el cargo de subsecretario.<\/p>\n","protected":false},"excerpt":{"rendered":"<p>El desplazamiento de Carlos Regazzoni al frente del Pami y de Esteban Conte, en el Ministerio de Justicia de Naci\u00f3n, ocurri\u00f3 de modo similar al que en su momento protagonizaron el ex ministro de Hacienda y Finanzas, Alfonso Prat Gay; Isela Costantini (Aerol\u00edneas Argentinas) y Carlos Melconian (Banco Naci\u00f3n); Daniel Chain, ex secretario de Obras [&hellip;]<\/p>\n","protected":false},"author":1,"featured_media":6882,"comment_status":"closed","ping_status":"open","sticky":false,"template":"","format":"standard","meta":{"footnotes":""},"categories":[30,48],"tags":[],"class_list":{"0":"post-6881","1":"post","2":"type-post","3":"status-publish","4":"format-standard","5":"has-post-thumbnail","7":"category-nacion","8":"category-politica-argentina"},"aioseo_notices":[],"_links":{"self":[{"href":"https:\/\/guiadenoticias.com.ar\/diario\/wp-json\/wp\/v2\/posts\/6881","targetHints":{"allow":["GET"]}}],"collection":[{"href":"https:\/\/guiadenoticias.com.ar\/diario\/wp-json\/wp\/v2\/posts"}],"about":[{"href":"https:\/\/guiadenoticias.com.ar\/diario\/wp-json\/wp\/v2\/types\/post"}],"author":[{"embeddable":true,"href":"https:\/\/guiadenoticias.com.ar\/diario\/wp-json\/wp\/v2\/users\/1"}],"replies":[{"embeddable":true,"href":"https:\/\/guiadenoticias.com.ar\/diario\/wp-json\/wp\/v2\/comments?post=6881"}],"version-history":[{"count":1,"href":"https:\/\/guiadenoticias.com.ar\/diario\/wp-json\/wp\/v2\/posts\/6881\/revisions"}],"predecessor-version":[{"id":6883,"href":"https:\/\/guiadenoticias.com.ar\/diario\/wp-json\/wp\/v2\/posts\/6881\/revisions\/6883"}],"wp:featuredmedia":[{"embeddable":true,"href":"https:\/\/guiadenoticias.com.ar\/diario\/wp-json\/wp\/v2\/media\/6882"}],"wp:attachment":[{"href":"https:\/\/guiadenoticias.com.ar\/diario\/wp-json\/wp\/v2\/media?parent=6881"}],"wp:term":[{"taxonomy":"category","embeddable":true,"href":"https:\/\/guiadenoticias.com.ar\/diario\/wp-json\/wp\/v2\/categories?post=6881"},{"taxonomy":"post_tag","embeddable":true,"href":"https:\/\/guiadenoticias.com.ar\/diario\/wp-json\/wp\/v2\/tags?post=6881"}],"curies":[{"name":"wp","href":"https:\/\/api.w.org\/{rel}","templated":true}]}}