{"id":6884,"date":"2017-03-16T01:46:19","date_gmt":"2017-03-16T04:46:19","guid":{"rendered":"http:\/\/guiadenoticias.com.ar\/diario\/?p=6884"},"modified":"2017-03-16T01:51:47","modified_gmt":"2017-03-16T04:51:47","slug":"vidal-anuncio-un-adelanto-de-la-paritaria-docente-y-premio-para-quienes-no-paran","status":"publish","type":"post","link":"https:\/\/guiadenoticias.com.ar\/diario\/vidal-anuncio-un-adelanto-de-la-paritaria-docente-y-premio-para-quienes-no-paran\/","title":{"rendered":"Vidal anunci\u00f3 adelanto de la paritaria docente y \u201cpremio\u201d anti paro"},"content":{"rendered":"<p>En medio de la tensi\u00f3n con los gremios docentes, que van por el s\u00e9ptimo d\u00eda de paro desde que comenz\u00f3 el ciclo lectivo la semana pasada, la gobernadora bonaerense, Mar\u00eda Eugenia Vidal, anunci\u00f3 dos medidas para comenzar a destrabar el conflicto: un adelanto del acuerdo con un piso de 1500 pesos y un reconocimiento a los maestros que no acataron la huelga.<\/p>\n<p>En conferencia de prensa la mandataria denunci\u00f3 que \u00abalgunos gremios tienen vocaci\u00f3n de conflicto\u00bb y que \u00abhace semanas\u00bb dejaron de dialogar. \u00abAnte cada propuesta, la respuesta siempre fue el anuncio de m\u00e1s paros\u00bb, acus\u00f3 Vidal.<\/p>\n<p>Los gremios Suteba, Uda y Udocba, que no acataron la conciliaci\u00f3n obligatoria ni asistieron a las reuniones acordadas por el Ministerio de Trabajo bonaerense, adhieren mi\u00e9rcoles y jueves a la huelga nacional de 48 horas convocada por la Ctera.<\/p>\n<p>\u00abNo somos ingenuos, sabemos que para dialogar necesitamos dos partes\u00bb, lanz\u00f3 la mandataria, e inst\u00f3 a los dirigentes gremiales dejar de lado las diferencias: \u00abLos intereses partidarios, pol\u00edticos y personales tienen que estar afuera de la mesa\u00bb.<\/p>\n<p>\u00abMe consta que muchos dirigentes gremiales tienen buena fe y desde ese lugar dar una discusi\u00f3n salarial, pero hay otros que no, que s\u00f3lo quieren el conflicto. A esos les pido que sean tan honestos como yo y digan de qu\u00e9 partido son, a qu\u00e9 elecci\u00f3n gremial o pol\u00edtica quieren presentarse y cu\u00e1les son sus intereses y demos un debate abierto de cara a la sociedad sobre nuestra educaci\u00f3n p\u00fablica\u00bb, dispar\u00f3.<\/p>\n<p><strong>LOS ANUNCIOS<\/strong><\/p>\n<p>En este marco, la gobernadora anunci\u00f3 que se har\u00e1 efectivo un pago en concepto de \u00abadelanto\u00bb del acuerdo paritario. \u00abSer\u00e1 de entre 1500 y 3750 pesos, como un adelanto a cuenta de un acuerdo futuro. Es para que los docentes no sigan esperando\u00bb, expres\u00f3.<\/p>\n<p>Adem\u00e1s, dijo que se le pagar\u00e1 un extra a los docentes que no acataron el paro. Se trata, seg\u00fan Vidal, de \u00abun reconocimiento extraordinario por \u00fanica vez al presentismo de los docentes que durante marzo decidieron dar clase y priorizaron a los chicos\u00bb.<\/p>\n<p>\u00abS\u00e9 que su reclamo es justo y tambi\u00e9n s\u00e9 que nos toca administrar una provincia fundida y que cualquier compromiso que tome tiene que ser algo que podamos pagar. Tambi\u00e9n s\u00e9 que es justo que los chicos est\u00e9n en el aula\u00bb, indic\u00f3 la gobernadora.<\/p>\n<p><strong>REUNI\u00d3N PARA EL JUEVES<\/strong><\/p>\n<p>Por \u00faltimo, Vidal convoc\u00f3 a los docentes a un nuevo encuentro. \u00abMi equipo los espera ma\u00f1ana a la 17 para lograr un acuerdo que nos permita que los chicos est\u00e9n en el aula y los docentes ganen el mejor salario posible que les podamos pagar\u00bb, sostuvo.<\/p>\n","protected":false},"excerpt":{"rendered":"<p>En medio de la tensi\u00f3n con los gremios docentes, que van por el s\u00e9ptimo d\u00eda de paro desde que comenz\u00f3 el ciclo lectivo la semana pasada, la gobernadora bonaerense, Mar\u00eda Eugenia Vidal, anunci\u00f3 dos medidas para comenzar a destrabar el conflicto: un adelanto del acuerdo con un piso de 1500 pesos y un reconocimiento a [&hellip;]<\/p>\n","protected":false},"author":1,"featured_media":6885,"comment_status":"closed","ping_status":"open","sticky":false,"template":"","format":"standard","meta":{"footnotes":""},"categories":[49,48,31],"tags":[],"class_list":{"0":"post-6884","1":"post","2":"type-post","3":"status-publish","4":"format-standard","5":"has-post-thumbnail","7":"category-economia-y-gremiales","8":"category-politica-argentina","9":"category-provincia"},"aioseo_notices":[],"_links":{"self":[{"href":"https:\/\/guiadenoticias.com.ar\/diario\/wp-json\/wp\/v2\/posts\/6884","targetHints":{"allow":["GET"]}}],"collection":[{"href":"https:\/\/guiadenoticias.com.ar\/diario\/wp-json\/wp\/v2\/posts"}],"about":[{"href":"https:\/\/guiadenoticias.com.ar\/diario\/wp-json\/wp\/v2\/types\/post"}],"author":[{"embeddable":true,"href":"https:\/\/guiadenoticias.com.ar\/diario\/wp-json\/wp\/v2\/users\/1"}],"replies":[{"embeddable":true,"href":"https:\/\/guiadenoticias.com.ar\/diario\/wp-json\/wp\/v2\/comments?post=6884"}],"version-history":[{"count":4,"href":"https:\/\/guiadenoticias.com.ar\/diario\/wp-json\/wp\/v2\/posts\/6884\/revisions"}],"predecessor-version":[{"id":6889,"href":"https:\/\/guiadenoticias.com.ar\/diario\/wp-json\/wp\/v2\/posts\/6884\/revisions\/6889"}],"wp:featuredmedia":[{"embeddable":true,"href":"https:\/\/guiadenoticias.com.ar\/diario\/wp-json\/wp\/v2\/media\/6885"}],"wp:attachment":[{"href":"https:\/\/guiadenoticias.com.ar\/diario\/wp-json\/wp\/v2\/media?parent=6884"}],"wp:term":[{"taxonomy":"category","embeddable":true,"href":"https:\/\/guiadenoticias.com.ar\/diario\/wp-json\/wp\/v2\/categories?post=6884"},{"taxonomy":"post_tag","embeddable":true,"href":"https:\/\/guiadenoticias.com.ar\/diario\/wp-json\/wp\/v2\/tags?post=6884"}],"curies":[{"name":"wp","href":"https:\/\/api.w.org\/{rel}","templated":true}]}}