{"id":6928,"date":"2017-03-20T15:46:40","date_gmt":"2017-03-20T18:46:40","guid":{"rendered":"http:\/\/guiadenoticias.com.ar\/diario\/?p=6928"},"modified":"2017-03-20T15:51:15","modified_gmt":"2017-03-20T18:51:15","slug":"sin-limar-chispazos-internos-presentaron-la-mesa-de-cambiemos","status":"publish","type":"post","link":"https:\/\/guiadenoticias.com.ar\/diario\/sin-limar-chispazos-internos-presentaron-la-mesa-de-cambiemos\/","title":{"rendered":"Sin limar chispazos internos, presentaron la Mesa de Cambiemos"},"content":{"rendered":"<p>La noticia era la presentaci\u00f3n de la Mesa de Cambiemos en Ituzaing\u00f3, pero se llev\u00f3 todo el protagonismo el desorden evidente que hay hacia el interior del espacio, en gran medida en torno al PRO.<\/p>\n<p>Fue as\u00ed que en el Club Gimnasia y Esgrima se dieron cita los concejales Gast\u00f3n Di Castelnuovo, Julio D\u00edaz, Carolina L\u00f3pez y Ana De Benedetto \u2013 ausente Jos\u00e9 Luis S\u00e1nchez \u2013; Gabriel Pozzuto, al frente del PAMI; Rosana Galasi, titular de la UCR; Ricardo Belando por la Coalici\u00f3n C\u00edvica-ARI); Mario Rodr\u00edguez del partido FE. Asistieron tambi\u00e9n el senador provincial Carlos Fern\u00e1ndez (UCR), el ex diputado Carlos Brown, Ezequiel Carrizo (PRO) y Adriana Mart\u00ednez, del Movimiento Social por la Rep\u00fablica, de H\u00e9ctor \u2018Toty\u2019 Flores.<\/p>\n<p>Pero, m\u00e1s all\u00e1 de los dirigentes locales, el comando del acto estuvo en manos de quien perfila como el armador partidario de la zona oeste, el intendente de Mor\u00f3n, Ramiro Tagliaferro, escoltado a su vez por el subsecretario de Asuntos Municipales de Provincia, el sanfernandino Alex Campbell.<\/p>\n<p>Las mesas de conducci\u00f3n pol\u00edtica se est\u00e1n constituyendo en los distritos como paso previo a la confecci\u00f3n de las listas que participar\u00e1n de las pr\u00f3ximas elecciones, tarea que puede que no resulte sencilla en aquellos lugares en donde no gobierna Cambiemos, ya que en los otros casos la lapicera la tendr\u00e1 el jefe comunal.<\/p>\n<p>En Ituzaing\u00f3, municipio que el PRO dej\u00f3 escapar en 2015, existe desde el a\u00f1o pasado un desmanejo que podr\u00eda hacer peligrar el capital pol\u00edtico que le dieron las urnas. Una muestra m\u00e1s de esas internillas qued\u00f3 a la vista de todos en el acto realizado en el barrio de San Alberto.<\/p>\n<p>Mientras hablaba Galasi alguien del p\u00fablico la interrumpi\u00f3 para decirle que all\u00ed faltaba un concejal. Entonces hizo su aparici\u00f3n Sergio Crego, quien pretendi\u00f3 ubicarse en la mesa, chocando con la negativa del propio Tagliaferro, que le recrimin\u00f3: \u201cTomaste la decisi\u00f3n de abrirte y de armar tu propio bloque, por lo tanto en esta mesa no est\u00e1s\u201d. A partir de all\u00ed todo fue alboroto y el cierre del encuentro, ca\u00f3tico.<\/p>\n<p>Con este panorama, claro est\u00e1, festejan por igual el descalcismo y el Frente Renovador.<\/p>\n","protected":false},"excerpt":{"rendered":"<p>La noticia era la presentaci\u00f3n de la Mesa de Cambiemos en Ituzaing\u00f3, pero se llev\u00f3 todo el protagonismo el desorden evidente que hay hacia el interior del espacio, en gran medida en torno al PRO. Fue as\u00ed que en el Club Gimnasia y Esgrima se dieron cita los concejales Gast\u00f3n Di Castelnuovo, Julio D\u00edaz, Carolina [&hellip;]<\/p>\n","protected":false},"author":1,"featured_media":6929,"comment_status":"closed","ping_status":"open","sticky":false,"template":"","format":"standard","meta":{"footnotes":""},"categories":[29,20,48],"tags":[],"class_list":{"0":"post-6928","1":"post","2":"type-post","3":"status-publish","4":"format-standard","5":"has-post-thumbnail","7":"category-ituzaingo","8":"category-municipios","9":"category-politica-argentina"},"aioseo_notices":[],"_links":{"self":[{"href":"https:\/\/guiadenoticias.com.ar\/diario\/wp-json\/wp\/v2\/posts\/6928","targetHints":{"allow":["GET"]}}],"collection":[{"href":"https:\/\/guiadenoticias.com.ar\/diario\/wp-json\/wp\/v2\/posts"}],"about":[{"href":"https:\/\/guiadenoticias.com.ar\/diario\/wp-json\/wp\/v2\/types\/post"}],"author":[{"embeddable":true,"href":"https:\/\/guiadenoticias.com.ar\/diario\/wp-json\/wp\/v2\/users\/1"}],"replies":[{"embeddable":true,"href":"https:\/\/guiadenoticias.com.ar\/diario\/wp-json\/wp\/v2\/comments?post=6928"}],"version-history":[{"count":2,"href":"https:\/\/guiadenoticias.com.ar\/diario\/wp-json\/wp\/v2\/posts\/6928\/revisions"}],"predecessor-version":[{"id":6931,"href":"https:\/\/guiadenoticias.com.ar\/diario\/wp-json\/wp\/v2\/posts\/6928\/revisions\/6931"}],"wp:featuredmedia":[{"embeddable":true,"href":"https:\/\/guiadenoticias.com.ar\/diario\/wp-json\/wp\/v2\/media\/6929"}],"wp:attachment":[{"href":"https:\/\/guiadenoticias.com.ar\/diario\/wp-json\/wp\/v2\/media?parent=6928"}],"wp:term":[{"taxonomy":"category","embeddable":true,"href":"https:\/\/guiadenoticias.com.ar\/diario\/wp-json\/wp\/v2\/categories?post=6928"},{"taxonomy":"post_tag","embeddable":true,"href":"https:\/\/guiadenoticias.com.ar\/diario\/wp-json\/wp\/v2\/tags?post=6928"}],"curies":[{"name":"wp","href":"https:\/\/api.w.org\/{rel}","templated":true}]}}