{"id":6949,"date":"2017-03-22T00:51:19","date_gmt":"2017-03-22T03:51:19","guid":{"rendered":"http:\/\/guiadenoticias.com.ar\/diario\/?p=6949"},"modified":"2017-03-22T00:51:34","modified_gmt":"2017-03-22T03:51:34","slug":"lanzaron-la-mesa-de-cambiemos-san-martin","status":"publish","type":"post","link":"https:\/\/guiadenoticias.com.ar\/diario\/lanzaron-la-mesa-de-cambiemos-san-martin\/","title":{"rendered":"Lanzaron la Mesa de Cambiemos San Mart\u00edn"},"content":{"rendered":"<p>Cambiemos San Mart\u00edn organiz\u00f3 un encuentro en el cual present\u00f3 la mesa partidaria, y que convoc\u00f3, entre otros, al ministro de Desarrollo Social de Provincia, Santiago L\u00f3pez Medrano; a la diputada nacional Samanta Acerenza; a los legisladores provinciales Daniel Ivoskus y Walter Carusso; a los referentes locales de Honestidad y Trabajo, Ricardo Ivoskus; del Partido FE, Carlos Brown, de la UCR, Guillermo Tullio, de la Coalici\u00f3n C\u00edvica, Patricia Malaspina, y de Uni\u00f3n por la Libertad, Mat\u00edas Lobos.<\/p>\n<p>Asistieron tambi\u00e9n el subsecretario de Gobierno y Asuntos Municipales de la Provincia de Buenos Aires, Alex Campbell; el vice gobernador de Provincia, Daniel Salvador; el jefe comunal de Mor\u00f3n, Ramiro Tagliaferro, y el de General Rodr\u00edguez, Dario Kubar; particip\u00f3 asimismo el subsecretario de Gesti\u00f3n Municipal de Naci\u00f3n, Lucas Delfino.<\/p>\n<p>\u201cTenemos una gran tarea\u00a0 por delante a trav\u00e9s del trabajo de una gobernadora\u00a0 que siempre nos\u00a0 desaf\u00eda a m\u00e1s, a hacer y estar en cada rinc\u00f3n,\u00a0 de esta manera vamos a construir entre todos un gran triunfo este a\u00f1o\u201d, se\u00f1al\u00f3 L\u00f3pez Medrano.<\/p>\n<p>A su turno, Daniel Ivoskus expres\u00f3: \u201cMi primer y gran reconocimiento es a cada integrante de esta uni\u00f3n. Y digo esto porque muchos cre\u00edan que los proyectos personales iban a prevalecer sobre los colectivos. Estamos demostrando que no\u201d.<\/p>\n<p>Tambi\u00e9n en esta l\u00ednea, el presidente de Honestidad y Trabajo, Ricardo Ivoskus, asegur\u00f3: \u201cTenemos que recuperar el municipio, ya estuvimos muy cerca en la \u00faltima elecci\u00f3n, y si armamos una estrategia s\u00f3lida de dos a\u00f1os, no tengo dudas que vamos a ganar todos juntos\u201d.<\/p>\n<p>En otro sentido, el ex intendente se refiri\u00f3 a los diversos sectores que est\u00e1n enfrentando a los gobiernos de Mauricio Macri y Vidal: \u201cYa no disimulan su vocaci\u00f3n de desestabilizar. Es\u00a0 momento de salir a las calles, de contarle a la gente lo que est\u00e1 ocurriendo, de contrarrestar con la verdad\u201d.<\/p>\n<p>Carlos Brown llam\u00f3 a defender al municipio de San Mart\u00edn: \u201cComo generadores de trabajo y producci\u00f3n, merecemos respeto, no que nos califiquen como Capital de la Delincuencia o Cementerio de Pymes. No lo vamos a aceptar. El intendente Katopodis, por fuera de cualquier bander\u00eda pol\u00edtica, tambi\u00e9n debe defender a nuestra ciudad y no lo est\u00e1 haciendo por meros intereses pol\u00edticos\u201d.<\/p>\n","protected":false},"excerpt":{"rendered":"<p>Cambiemos San Mart\u00edn organiz\u00f3 un encuentro en el cual present\u00f3 la mesa partidaria, y que convoc\u00f3, entre otros, al ministro de Desarrollo Social de Provincia, Santiago L\u00f3pez Medrano; a la diputada nacional Samanta Acerenza; a los legisladores provinciales Daniel Ivoskus y Walter Carusso; a los referentes locales de Honestidad y Trabajo, Ricardo Ivoskus; del Partido [&hellip;]<\/p>\n","protected":false},"author":1,"featured_media":6951,"comment_status":"closed","ping_status":"open","sticky":false,"template":"","format":"standard","meta":{"footnotes":""},"categories":[20,48,24],"tags":[],"class_list":{"0":"post-6949","1":"post","2":"type-post","3":"status-publish","4":"format-standard","5":"has-post-thumbnail","7":"category-municipios","8":"category-politica-argentina","9":"category-san-martin"},"aioseo_notices":[],"_links":{"self":[{"href":"https:\/\/guiadenoticias.com.ar\/diario\/wp-json\/wp\/v2\/posts\/6949","targetHints":{"allow":["GET"]}}],"collection":[{"href":"https:\/\/guiadenoticias.com.ar\/diario\/wp-json\/wp\/v2\/posts"}],"about":[{"href":"https:\/\/guiadenoticias.com.ar\/diario\/wp-json\/wp\/v2\/types\/post"}],"author":[{"embeddable":true,"href":"https:\/\/guiadenoticias.com.ar\/diario\/wp-json\/wp\/v2\/users\/1"}],"replies":[{"embeddable":true,"href":"https:\/\/guiadenoticias.com.ar\/diario\/wp-json\/wp\/v2\/comments?post=6949"}],"version-history":[{"count":1,"href":"https:\/\/guiadenoticias.com.ar\/diario\/wp-json\/wp\/v2\/posts\/6949\/revisions"}],"predecessor-version":[{"id":6952,"href":"https:\/\/guiadenoticias.com.ar\/diario\/wp-json\/wp\/v2\/posts\/6949\/revisions\/6952"}],"wp:featuredmedia":[{"embeddable":true,"href":"https:\/\/guiadenoticias.com.ar\/diario\/wp-json\/wp\/v2\/media\/6951"}],"wp:attachment":[{"href":"https:\/\/guiadenoticias.com.ar\/diario\/wp-json\/wp\/v2\/media?parent=6949"}],"wp:term":[{"taxonomy":"category","embeddable":true,"href":"https:\/\/guiadenoticias.com.ar\/diario\/wp-json\/wp\/v2\/categories?post=6949"},{"taxonomy":"post_tag","embeddable":true,"href":"https:\/\/guiadenoticias.com.ar\/diario\/wp-json\/wp\/v2\/tags?post=6949"}],"curies":[{"name":"wp","href":"https:\/\/api.w.org\/{rel}","templated":true}]}}