{"id":6963,"date":"2017-03-23T01:07:20","date_gmt":"2017-03-23T04:07:20","guid":{"rendered":"http:\/\/guiadenoticias.com.ar\/diario\/?p=6963"},"modified":"2017-03-23T01:07:32","modified_gmt":"2017-03-23T04:07:32","slug":"contundente-marcha-federal-educativa","status":"publish","type":"post","link":"https:\/\/guiadenoticias.com.ar\/diario\/contundente-marcha-federal-educativa\/","title":{"rendered":"Contundente Marcha Federal Educativa"},"content":{"rendered":"<p>Los docentes de todo el pa\u00eds culminaron la Marcha Federal que empezaron el martes en la Plaza de Mayo para reclamar al Gobierno que convoque a la paritaria nacional. La jefa del gremio docente Ctera, Sonia Alesso, sostuvo que \u00abestamos aqu\u00ed por una cosa muy sencilla, para decirle al Presidente que cumpla la ley\u00bb.<\/p>\n<p>Por su parte, el jefe del gremio docente Suteba, Roberto Baradel, advirti\u00f3 que sinti\u00f3 \u00abverg\u00fcenza\u00bb por las expresiones sobre la educaci\u00f3n p\u00fablica de Mauricio Macri y reclam\u00f3 tambi\u00e9n al jefe de Estado que \u00abcumpla con la ley\u00bb.<\/p>\n<p>A su turno, el jefe de la CTA de los Trabajadores, Hugo Yasky, advirti\u00f3 que \u00abel Gobierno tiene que entender que no se puede pisotear a los docentes y que no se puede terminar con la educaci\u00f3n p\u00fablica\u00bb. Yasky asisti\u00f3 al acto de cierre de la Marcha Federal Educativa en Plaza de Mayo con un guardapolvo blanco y dijo que al hacerlo \u00abvolv\u00eda a defender la educaci\u00f3n p\u00fablica\u00bb.<\/p>\n<p>La denominada Marcha Federal Educativa estuvo enmarcada dentro del paro de 48 horas convocado a nivel nacional por los principales gremios docentes. Ingresaron a la Plaza Mayo con tres columnas provenientes de la Patagonia, de Cuyo y del Nordeste (NEA) y Noroeste argentino (NOA).<\/p>\n<p>En el acto central que cerr\u00f3 la movilizaci\u00f3n cont\u00f3 con los discursos de los integrantes de las cinco confederaciones nacionales de docentes convocantes de la marcha: S Alesso; Sergio Romero, de la Uni\u00f3n Docentes Argentinos (UDA); Mario Almir\u00f3n, del Sindicato Argentino de Docentes Privados (Sadop); Fabi\u00e1n Felman, de la Confederaci\u00f3n de Educadores Argentinos (CEA); y H\u00e9ctor Pedro Cova, de la Asociaci\u00f3n del Magisterio de Ense\u00f1anza T\u00e9cnica (Amet).<\/p>\n<p>Romero advirti\u00f3 que \u00abeste Gobierno va por la escuela p\u00fablica\u00bb y agreg\u00f3: \u00abTendr\u00edamos que estar discutiendo en paritarias la recomposici\u00f3n del salario\u00bb. En ese contexto fustig\u00f3 las evaluaciones Aprender, al manifestar que \u00abten\u00eda muchas posibilidades de tener esos resultados\u00bb porque \u00abno tuvo en cuenta numerosos factores\u00bb.<\/p>\n<p>Por su parte Felman se\u00f1al\u00f3 que vendr\u00e1 un presidente que pedir\u00e1 \u00abel perd\u00f3n del Estado por agraviar a la educaci\u00f3n p\u00fablica\u00bb, y acot\u00f3: \u00abLa etapa que nos toca hoy es de organizaci\u00f3n y esa organizaci\u00f3n tiene que decir no a las pol\u00edticas neoliberales\u00bb.<\/p>\n<p>Sumado a estas declaraciones, el titular del gremio docente universitario Conadu Hist\u00f3rica, Luis Tiscornia, acus\u00f3 al Gobierno de intentar \u00abdoblegar a la docencia\u00bb para imponer el techo a los incrementos salariales.<\/p>\n<p>La jefa del gremio de docentes t\u00e9cnicos Amet, Sara Garc\u00eda, reclam\u00f3 la convocatoria inmediata a paritarias federales y se\u00f1al\u00f3 que \u00abes sencillo entender que exigimos cumplir la ley\u00bb.<\/p>\n","protected":false},"excerpt":{"rendered":"<p>Los docentes de todo el pa\u00eds culminaron la Marcha Federal que empezaron el martes en la Plaza de Mayo para reclamar al Gobierno que convoque a la paritaria nacional. La jefa del gremio docente Ctera, Sonia Alesso, sostuvo que \u00abestamos aqu\u00ed por una cosa muy sencilla, para decirle al Presidente que cumpla la ley\u00bb. Por [&hellip;]<\/p>\n","protected":false},"author":1,"featured_media":6964,"comment_status":"closed","ping_status":"open","sticky":false,"template":"","format":"standard","meta":{"footnotes":""},"categories":[49,30,48],"tags":[],"class_list":{"0":"post-6963","1":"post","2":"type-post","3":"status-publish","4":"format-standard","5":"has-post-thumbnail","7":"category-economia-y-gremiales","8":"category-nacion","9":"category-politica-argentina"},"aioseo_notices":[],"_links":{"self":[{"href":"https:\/\/guiadenoticias.com.ar\/diario\/wp-json\/wp\/v2\/posts\/6963","targetHints":{"allow":["GET"]}}],"collection":[{"href":"https:\/\/guiadenoticias.com.ar\/diario\/wp-json\/wp\/v2\/posts"}],"about":[{"href":"https:\/\/guiadenoticias.com.ar\/diario\/wp-json\/wp\/v2\/types\/post"}],"author":[{"embeddable":true,"href":"https:\/\/guiadenoticias.com.ar\/diario\/wp-json\/wp\/v2\/users\/1"}],"replies":[{"embeddable":true,"href":"https:\/\/guiadenoticias.com.ar\/diario\/wp-json\/wp\/v2\/comments?post=6963"}],"version-history":[{"count":1,"href":"https:\/\/guiadenoticias.com.ar\/diario\/wp-json\/wp\/v2\/posts\/6963\/revisions"}],"predecessor-version":[{"id":6965,"href":"https:\/\/guiadenoticias.com.ar\/diario\/wp-json\/wp\/v2\/posts\/6963\/revisions\/6965"}],"wp:featuredmedia":[{"embeddable":true,"href":"https:\/\/guiadenoticias.com.ar\/diario\/wp-json\/wp\/v2\/media\/6964"}],"wp:attachment":[{"href":"https:\/\/guiadenoticias.com.ar\/diario\/wp-json\/wp\/v2\/media?parent=6963"}],"wp:term":[{"taxonomy":"category","embeddable":true,"href":"https:\/\/guiadenoticias.com.ar\/diario\/wp-json\/wp\/v2\/categories?post=6963"},{"taxonomy":"post_tag","embeddable":true,"href":"https:\/\/guiadenoticias.com.ar\/diario\/wp-json\/wp\/v2\/tags?post=6963"}],"curies":[{"name":"wp","href":"https:\/\/api.w.org\/{rel}","templated":true}]}}