{"id":6985,"date":"2017-03-24T01:15:06","date_gmt":"2017-03-24T04:15:06","guid":{"rendered":"http:\/\/guiadenoticias.com.ar\/diario\/?p=6985"},"modified":"2017-03-24T01:16:16","modified_gmt":"2017-03-24T04:16:16","slug":"el-radicalismo-3f-ratifico-que-acompana-integralmente-al-gobierno-de-cambiemos","status":"publish","type":"post","link":"https:\/\/guiadenoticias.com.ar\/diario\/el-radicalismo-3f-ratifico-que-acompana-integralmente-al-gobierno-de-cambiemos\/","title":{"rendered":"El radicalismo 3F ratific\u00f3 que acompa\u00f1a  \u201cintegralmente a Cambiemos\u201d"},"content":{"rendered":"<p>La representaci\u00f3n partidaria de la Uni\u00f3n C\u00edvica Radical de Tres de Febrero debi\u00f3 salir este jueves a aclarar su posici\u00f3n respecto al tema inseguridad y, m\u00e1s que nada, ratificar su acompa\u00f1amiento a la gesti\u00f3n encabezada por Diego Valenzuela.<\/p>\n<p>Fue en respuesta a la iniciativa de un sector radical que no est\u00e1 identificado con la posici\u00f3n org\u00e1nica del partido de formar parte de Cambiemos. Por ese motivo, y en la jornada en la cual se llev\u00f3 a cabo la reuni\u00f3n entre concejales de todos los bloques y el secretario de Seguridad del municipio, Juan Manuel Lucioni, difundieron el siguiente comunicado firmado por Marcelo Locatti, presidente del Comit\u00e9 de Distrito; Juan Lozano, secretario; Marcelo Bello, concejal de Cambiemos; Ivan Galliano, presidente de la Juventud Radical de Tres de Febrero.<\/p>\n<p>\u201cDesde la Uni\u00f3n C\u00edvica Radical de Tres de febrero queremos repudiar el uso de nuestro nombre que realizaron distintas personas vinculadas al curtismo y al Movimiento Nacional Alfonsinista de Leopoldo Moreau, expulsados de nuestro partido por traicionar los ideales que pregonamos hace m\u00e1s de 125 a\u00f1os.<\/p>\n<p>En Caseros, estas personas han estado repartiendo volantes donde se reclama la emergencia de seguridad, con el intento de confundir a los vecinos con que esa es la postura oficial del partido. Nos vemos en la necesidad de aclarar que no es la UCR de Tres de Febrero quien impulsa el reclamo. De hecho, queda claro que apoyamos el enorme trabajo que nuestro intendente Diego Valenzuela, la gobernadora Mar\u00eda Eugenia Vidal y el vicegobernador Daniel salvador vienen realizando en materia de seguridad\u201d.<\/p>\n<p>Un claro ejemplo de ello fue la decisi\u00f3n del intendente de crear una Secretar\u00eda de Seguridad, inexistente hasta 2015. Sabemos que es un tema delicado que azota a los argentinos y que hay que seguir trabajando todos los d\u00edas y a toda hora.<\/p>\n<p>La postura de la UCR como uno de los fundadores del espacio, sigue siendo clara, acompa\u00f1ar integralmente al gobierno de Cambiemos desde la gesti\u00f3n, la colaboraci\u00f3n, las propuestas, el di\u00e1logo y la cercan\u00eda con nuestros vecinos\u201d.<\/p>\n","protected":false},"excerpt":{"rendered":"<p>La representaci\u00f3n partidaria de la Uni\u00f3n C\u00edvica Radical de Tres de Febrero debi\u00f3 salir este jueves a aclarar su posici\u00f3n respecto al tema inseguridad y, m\u00e1s que nada, ratificar su acompa\u00f1amiento a la gesti\u00f3n encabezada por Diego Valenzuela. Fue en respuesta a la iniciativa de un sector radical que no est\u00e1 identificado con la posici\u00f3n [&hellip;]<\/p>\n","protected":false},"author":1,"featured_media":6986,"comment_status":"closed","ping_status":"open","sticky":false,"template":"","format":"standard","meta":{"footnotes":""},"categories":[20,48,26],"tags":[],"class_list":{"0":"post-6985","1":"post","2":"type-post","3":"status-publish","4":"format-standard","5":"has-post-thumbnail","7":"category-municipios","8":"category-politica-argentina","9":"category-tres-de-febrero"},"aioseo_notices":[],"_links":{"self":[{"href":"https:\/\/guiadenoticias.com.ar\/diario\/wp-json\/wp\/v2\/posts\/6985","targetHints":{"allow":["GET"]}}],"collection":[{"href":"https:\/\/guiadenoticias.com.ar\/diario\/wp-json\/wp\/v2\/posts"}],"about":[{"href":"https:\/\/guiadenoticias.com.ar\/diario\/wp-json\/wp\/v2\/types\/post"}],"author":[{"embeddable":true,"href":"https:\/\/guiadenoticias.com.ar\/diario\/wp-json\/wp\/v2\/users\/1"}],"replies":[{"embeddable":true,"href":"https:\/\/guiadenoticias.com.ar\/diario\/wp-json\/wp\/v2\/comments?post=6985"}],"version-history":[{"count":2,"href":"https:\/\/guiadenoticias.com.ar\/diario\/wp-json\/wp\/v2\/posts\/6985\/revisions"}],"predecessor-version":[{"id":6988,"href":"https:\/\/guiadenoticias.com.ar\/diario\/wp-json\/wp\/v2\/posts\/6985\/revisions\/6988"}],"wp:featuredmedia":[{"embeddable":true,"href":"https:\/\/guiadenoticias.com.ar\/diario\/wp-json\/wp\/v2\/media\/6986"}],"wp:attachment":[{"href":"https:\/\/guiadenoticias.com.ar\/diario\/wp-json\/wp\/v2\/media?parent=6985"}],"wp:term":[{"taxonomy":"category","embeddable":true,"href":"https:\/\/guiadenoticias.com.ar\/diario\/wp-json\/wp\/v2\/categories?post=6985"},{"taxonomy":"post_tag","embeddable":true,"href":"https:\/\/guiadenoticias.com.ar\/diario\/wp-json\/wp\/v2\/tags?post=6985"}],"curies":[{"name":"wp","href":"https:\/\/api.w.org\/{rel}","templated":true}]}}