{"id":7019,"date":"2017-03-28T00:27:37","date_gmt":"2017-03-28T03:27:37","guid":{"rendered":"http:\/\/guiadenoticias.com.ar\/diario\/?p=7019"},"modified":"2017-03-28T00:27:51","modified_gmt":"2017-03-28T03:27:51","slug":"walter-queijeiro-se-suma-al-gabinete-de-vidal","status":"publish","type":"post","link":"https:\/\/guiadenoticias.com.ar\/diario\/walter-queijeiro-se-suma-al-gabinete-de-vidal\/","title":{"rendered":"Walter Queijeiro se suma al gabinete de Vidal"},"content":{"rendered":"<p>Mar\u00eda Eugenia Vidal har\u00e1 dos cambios en su gabinete provincial y la gran novedad es que Walter Queijeiro, el periodista deportivo que actualmente es concejal de Quilmes por el Frente Renovador, asumir\u00e1 como subsecretario de Turismo en lugar de Ignacio Crotto, un funcionario que manten\u00eda su puesto desde la gesti\u00f3n de Daniel Scioli.<\/p>\n<p>La designaci\u00f3n podr\u00eda oficializarse el mi\u00e9rcoles. El \u00e1rea a donde llegar\u00e1 Queijeiro depende del Ministerio de Producci\u00f3n, el cual est\u00e1 vacante, ya que quien era jefe de la cartera, Joaqu\u00edn de la Torre, ahora act\u00faa como ministro de Gobierno.<\/p>\n<p>El periodista, que adelant\u00f3 que pedir\u00eda licencia en su banca de concejal, ya mostr\u00f3 cierta distancia de las posturas que ven\u00eda visibilizando el massismo y no oculta su acercamiento al intendente del municipio, Martiniano Molina, de Cambiemos.<\/p>\n<p>Una vez que asuma, Queijeiro ser\u00e1 remplazado por Agust\u00edn S\u00e1nchez, actual funcionario de la Municipalidad de Tigre.<\/p>\n<p>Tambi\u00e9n trascendi\u00f3 que se sumar\u00eda al gobierno bonaerense como subsecretario de Innovaci\u00f3n y Experiencia Ciudadana Hern\u00e1n Lewin, ex presidente del Club Temperley, cargo al que renunci\u00f3 tras recibir amenazas de la barrabrava.<\/p>\n","protected":false},"excerpt":{"rendered":"<p>Mar\u00eda Eugenia Vidal har\u00e1 dos cambios en su gabinete provincial y la gran novedad es que Walter Queijeiro, el periodista deportivo que actualmente es concejal de Quilmes por el Frente Renovador, asumir\u00e1 como subsecretario de Turismo en lugar de Ignacio Crotto, un funcionario que manten\u00eda su puesto desde la gesti\u00f3n de Daniel Scioli. La designaci\u00f3n [&hellip;]<\/p>\n","protected":false},"author":1,"featured_media":7020,"comment_status":"closed","ping_status":"open","sticky":false,"template":"","format":"standard","meta":{"footnotes":""},"categories":[48,31],"tags":[],"class_list":{"0":"post-7019","1":"post","2":"type-post","3":"status-publish","4":"format-standard","5":"has-post-thumbnail","7":"category-politica-argentina","8":"category-provincia"},"aioseo_notices":[],"_links":{"self":[{"href":"https:\/\/guiadenoticias.com.ar\/diario\/wp-json\/wp\/v2\/posts\/7019","targetHints":{"allow":["GET"]}}],"collection":[{"href":"https:\/\/guiadenoticias.com.ar\/diario\/wp-json\/wp\/v2\/posts"}],"about":[{"href":"https:\/\/guiadenoticias.com.ar\/diario\/wp-json\/wp\/v2\/types\/post"}],"author":[{"embeddable":true,"href":"https:\/\/guiadenoticias.com.ar\/diario\/wp-json\/wp\/v2\/users\/1"}],"replies":[{"embeddable":true,"href":"https:\/\/guiadenoticias.com.ar\/diario\/wp-json\/wp\/v2\/comments?post=7019"}],"version-history":[{"count":1,"href":"https:\/\/guiadenoticias.com.ar\/diario\/wp-json\/wp\/v2\/posts\/7019\/revisions"}],"predecessor-version":[{"id":7021,"href":"https:\/\/guiadenoticias.com.ar\/diario\/wp-json\/wp\/v2\/posts\/7019\/revisions\/7021"}],"wp:featuredmedia":[{"embeddable":true,"href":"https:\/\/guiadenoticias.com.ar\/diario\/wp-json\/wp\/v2\/media\/7020"}],"wp:attachment":[{"href":"https:\/\/guiadenoticias.com.ar\/diario\/wp-json\/wp\/v2\/media?parent=7019"}],"wp:term":[{"taxonomy":"category","embeddable":true,"href":"https:\/\/guiadenoticias.com.ar\/diario\/wp-json\/wp\/v2\/categories?post=7019"},{"taxonomy":"post_tag","embeddable":true,"href":"https:\/\/guiadenoticias.com.ar\/diario\/wp-json\/wp\/v2\/tags?post=7019"}],"curies":[{"name":"wp","href":"https:\/\/api.w.org\/{rel}","templated":true}]}}