{"id":7028,"date":"2017-03-28T01:41:21","date_gmt":"2017-03-28T04:41:21","guid":{"rendered":"http:\/\/guiadenoticias.com.ar\/diario\/?p=7028"},"modified":"2017-03-28T01:41:35","modified_gmt":"2017-03-28T04:41:35","slug":"homenaje-peronista-a-victimas-del-terrorismo-de-estado-en-si","status":"publish","type":"post","link":"https:\/\/guiadenoticias.com.ar\/diario\/homenaje-peronista-a-victimas-del-terrorismo-de-estado-en-si\/","title":{"rendered":"Homenaje peronista a v\u00edctimas del terrorismo de Estado en SI"},"content":{"rendered":"<p>A 41 a\u00f1os del \u00faltimo golpe c\u00edvico militar, en la esquina de las calles Boedo y Guayaquil, diferentes agrupaciones peronistas de San Isidro recordaron a las v\u00edctimas del terrorismo de Estado que militaron en esa zona.<\/p>\n<p>Los allegados de Guillermo L\u00f3pez, Carlos Muller, Juan Carlos Flores y Jos\u00e9 Albarrac\u00edn -desaparecidos por la \u00faltima dictadura c\u00edvico militar, junto a los hijos de Luis Garibotti y Nicol\u00e1s Carranza, fusilados en Jos\u00e9 Le\u00f3n Suarez &#8211; reivindicaron la tradici\u00f3n de lucha barrial. Rememoraron los sue\u00f1os que los motivaron, un jard\u00edn de infantes o viviendas dignas en tierras del ferrocarril, y v\u00edvidas historias de resistencia a la persecuci\u00f3n pol\u00edtica.<\/p>\n<p>\u201c\u00bfMe pregunto por qu\u00e9 tanta aberraci\u00f3n, si \u00e9l s\u00f3lo quer\u00eda un jard\u00edn de infantes en la canchita, una casa para la gente que viv\u00eda en los vagones?\u201d, inquiri\u00f3 la sobrina del montonero Juan Carlos Flores. Jos\u00e9, hermano de Guillermo L\u00f3pez, evoc\u00f3 con l\u00e1grimas en los ojos \u201ca los muchos m\u00e1rtires que tiene este barrio que lucharon por un mundo mejor\u201d.<\/p>\n<p>El acto fue motorizado por la agrupaci\u00f3n Comunidad Organizada y acompa\u00f1ado por el concejal Federico Gelay de Consenso por San Isidro (Partido Justicialista Bonaerense), Carmela Moreau del Movimiento Nacional Alfonsinista y referentes locales del Movimiento Evita, Descamisados y el Movimiento 26 de Julio.<\/p>\n<p><strong>\u201cDEBEMOS REAFIRMAR NUESTRA IDENTIDAD\u201d<\/strong><\/p>\n<p>A su turno, Gelay remarc\u00f3 en referencia a los peronistas que \u201cnos encontramos en un momento donde tenemos que reafirmar nuestra identidad\u00a0 y sentir orgullo de nuestra procedencia. No s\u00f3lo somos herederos de Juan Per\u00f3n y Eva Per\u00f3n, tambi\u00e9n de John William Cooke, Arturo Jauretche, de los 30 mil compa\u00f1eros desaparecidos, de Juan Manuel de Rosas y de Felipe Varela\u201d.<\/p>\n<p>Y alent\u00f3 a la concurrencia sosteniendo que \u201ceste es el momento para volver, porque el peronismo nunca se fue, porque estamos nosotros ac\u00e1. El pueblo existe porque somos nosotros y una grand\u00edsima compa\u00f1era nos ense\u00f1\u00f3 que \u2018la patria es el otro\u2019\u201d.<\/p>\n<p><strong>DENUNCIA DE INTIMIDACI\u00d3N<\/strong><\/p>\n<p>Por las redes sociales se difundi\u00f3 d\u00edas antes del acto un video en el cual mientras militantes de Comunidad Organizada se encontraban realizando un \u201csiluetazo\u201d fueron abordados por una patrulla de Cuidados Comunitarios. Ver\u00f3nica Albarrac\u00edn, familiar de desaparecidos, participaba de la actividad y expuso el hecho a la prensa.<\/p>\n<p>\u201cEst\u00e1bamos haciendo la pegatina en Yerbal y Perito Moreno, Villa Adelina, cuando se acerc\u00f3 un m\u00f3vil que nos empez\u00f3 a sacar fotos y filmarnos con el argumento de que deb\u00edan guardar un registro. Le dijimos que no lo hagan, que s\u00f3lo era un siluetazo que realiz\u00e1bamos todos los 24 de marzo\u201d, reclam\u00f3. \u201cLo consideramos una provocaci\u00f3n, porque como nunca estaba lleno de polic\u00edas mirando lo que hac\u00edamos\u201d, y Albarrac\u00edn incluso expres\u00f3 que \u201csentimos que nos estaban persiguiendo\u201d.<\/p>\n<p>Por esta raz\u00f3n, el edil se solidariz\u00f3 y prometi\u00f3 presentar en el Concejo Deliberante la interpelaci\u00f3n del secretario de Seguridad, Federico Su\u00f1er, por una serie de sucesos de \u201ccoacci\u00f3n contra la expresi\u00f3n popular\u201d. \u201cEsta es una bajada de l\u00ednea desde el cambio de gobierno hacia la derecha, como la represi\u00f3n a Cresta Roja o a los trabajadores de RB, o el tetazo de San Isidro. Lo repudiamos\u201d, manifest\u00f3.<\/p>\n","protected":false},"excerpt":{"rendered":"<p>A 41 a\u00f1os del \u00faltimo golpe c\u00edvico militar, en la esquina de las calles Boedo y Guayaquil, diferentes agrupaciones peronistas de San Isidro recordaron a las v\u00edctimas del terrorismo de Estado que militaron en esa zona. Los allegados de Guillermo L\u00f3pez, Carlos Muller, Juan Carlos Flores y Jos\u00e9 Albarrac\u00edn -desaparecidos por la \u00faltima dictadura c\u00edvico [&hellip;]<\/p>\n","protected":false},"author":1,"featured_media":7029,"comment_status":"closed","ping_status":"open","sticky":false,"template":"","format":"standard","meta":{"footnotes":""},"categories":[20,48,21],"tags":[],"class_list":{"0":"post-7028","1":"post","2":"type-post","3":"status-publish","4":"format-standard","5":"has-post-thumbnail","7":"category-municipios","8":"category-politica-argentina","9":"category-san-isidro"},"aioseo_notices":[],"_links":{"self":[{"href":"https:\/\/guiadenoticias.com.ar\/diario\/wp-json\/wp\/v2\/posts\/7028","targetHints":{"allow":["GET"]}}],"collection":[{"href":"https:\/\/guiadenoticias.com.ar\/diario\/wp-json\/wp\/v2\/posts"}],"about":[{"href":"https:\/\/guiadenoticias.com.ar\/diario\/wp-json\/wp\/v2\/types\/post"}],"author":[{"embeddable":true,"href":"https:\/\/guiadenoticias.com.ar\/diario\/wp-json\/wp\/v2\/users\/1"}],"replies":[{"embeddable":true,"href":"https:\/\/guiadenoticias.com.ar\/diario\/wp-json\/wp\/v2\/comments?post=7028"}],"version-history":[{"count":1,"href":"https:\/\/guiadenoticias.com.ar\/diario\/wp-json\/wp\/v2\/posts\/7028\/revisions"}],"predecessor-version":[{"id":7030,"href":"https:\/\/guiadenoticias.com.ar\/diario\/wp-json\/wp\/v2\/posts\/7028\/revisions\/7030"}],"wp:featuredmedia":[{"embeddable":true,"href":"https:\/\/guiadenoticias.com.ar\/diario\/wp-json\/wp\/v2\/media\/7029"}],"wp:attachment":[{"href":"https:\/\/guiadenoticias.com.ar\/diario\/wp-json\/wp\/v2\/media?parent=7028"}],"wp:term":[{"taxonomy":"category","embeddable":true,"href":"https:\/\/guiadenoticias.com.ar\/diario\/wp-json\/wp\/v2\/categories?post=7028"},{"taxonomy":"post_tag","embeddable":true,"href":"https:\/\/guiadenoticias.com.ar\/diario\/wp-json\/wp\/v2\/tags?post=7028"}],"curies":[{"name":"wp","href":"https:\/\/api.w.org\/{rel}","templated":true}]}}