{"id":7054,"date":"2017-03-30T17:58:06","date_gmt":"2017-03-30T20:58:06","guid":{"rendered":"http:\/\/guiadenoticias.com.ar\/diario\/?p=7054"},"modified":"2017-03-30T17:58:41","modified_gmt":"2017-03-30T20:58:41","slug":"presentaron-el-mercado-en-tu-barrio-en-ituzaingo","status":"publish","type":"post","link":"https:\/\/guiadenoticias.com.ar\/diario\/presentaron-el-mercado-en-tu-barrio-en-ituzaingo\/","title":{"rendered":"Presentaron \u201cEl Mercado en Tu Barrio\u201d en Ituzaing\u00f3"},"content":{"rendered":"<p>Los concejales del bloque Cambiemos Ituzaing\u00f3 acompa\u00f1aron al subsecretario de Comercio Interior, Javier Tizado, en la presentaci\u00f3n formal del programa \u201cEl mercado en tu barrio\u201d, que tuvo lugar en la Plaza San Jos\u00e9.<\/p>\n<p>Como ocurre los mi\u00e9rcoles en distintas plazas del distrito, los vecinos compraron frutas y verduras, pollo, carne, pescado, l\u00e1cteos, pastas, productos de granja, a precios accesibles; tambi\u00e9n se asesoraron respecto a tr\u00e1mites de Pami y Anses.<\/p>\n<p>En ese marco, Tizado manifest\u00f3 que \u201cesta es una iniciativa del Ministerio de Producci\u00f3n y del Ministerio de Agroindustria de Naci\u00f3n en conjunto con los municipios y por eso es clave la participaci\u00f3n de todos para que los productos lleguen a los vecinos. Tenemos la intensi\u00f3n\u00a0 de expandirlo a m\u00e1s plazas en Ituzaing\u00f3\u201d.<\/p>\n<p>\u201cLa estructura impositiva incrementa mucho los precios, por eso creemos que el camino es acortar la cadena de intermediaci\u00f3n y lograr que el precio del productor llegue al consumidor\u201d, se\u00f1al\u00f3 el funcionario.<\/p>\n<p>Por su parte, el concejal julio D\u00edaz mencion\u00f3, \u201csabemos que con este programa ayudamos\u00a0 la econom\u00eda familiar del vecino y por eso hacemos todo lo posible con mis compa\u00f1eros de bancada de salir a la calle para difundir los lugares donde se encuentra. Tambi\u00e9n este espacio nos permite contarles a los vecinos sobre las obras que Naci\u00f3n y Provincia est\u00e1n haciendo en nuestro distrito e informarles cu\u00e1les son las zonas donde ya se est\u00e1n materializando las tan ansiadas obras de agua corriente y cloacas\u201d.<\/p>\n<p>El mi\u00e9rcoles 5 de abril, El Mercado en tu Barrio estar\u00e1 en la Plaza Barrio Nuevo (El Rancho y El Chacho) de 9 a14 horas.<\/p>\n","protected":false},"excerpt":{"rendered":"<p>Los concejales del bloque Cambiemos Ituzaing\u00f3 acompa\u00f1aron al subsecretario de Comercio Interior, Javier Tizado, en la presentaci\u00f3n formal del programa \u201cEl mercado en tu barrio\u201d, que tuvo lugar en la Plaza San Jos\u00e9. Como ocurre los mi\u00e9rcoles en distintas plazas del distrito, los vecinos compraron frutas y verduras, pollo, carne, pescado, l\u00e1cteos, pastas, productos de [&hellip;]<\/p>\n","protected":false},"author":1,"featured_media":7055,"comment_status":"closed","ping_status":"open","sticky":false,"template":"","format":"standard","meta":{"footnotes":""},"categories":[29,20,48],"tags":[],"class_list":{"0":"post-7054","1":"post","2":"type-post","3":"status-publish","4":"format-standard","5":"has-post-thumbnail","7":"category-ituzaingo","8":"category-municipios","9":"category-politica-argentina"},"aioseo_notices":[],"_links":{"self":[{"href":"https:\/\/guiadenoticias.com.ar\/diario\/wp-json\/wp\/v2\/posts\/7054","targetHints":{"allow":["GET"]}}],"collection":[{"href":"https:\/\/guiadenoticias.com.ar\/diario\/wp-json\/wp\/v2\/posts"}],"about":[{"href":"https:\/\/guiadenoticias.com.ar\/diario\/wp-json\/wp\/v2\/types\/post"}],"author":[{"embeddable":true,"href":"https:\/\/guiadenoticias.com.ar\/diario\/wp-json\/wp\/v2\/users\/1"}],"replies":[{"embeddable":true,"href":"https:\/\/guiadenoticias.com.ar\/diario\/wp-json\/wp\/v2\/comments?post=7054"}],"version-history":[{"count":1,"href":"https:\/\/guiadenoticias.com.ar\/diario\/wp-json\/wp\/v2\/posts\/7054\/revisions"}],"predecessor-version":[{"id":7056,"href":"https:\/\/guiadenoticias.com.ar\/diario\/wp-json\/wp\/v2\/posts\/7054\/revisions\/7056"}],"wp:featuredmedia":[{"embeddable":true,"href":"https:\/\/guiadenoticias.com.ar\/diario\/wp-json\/wp\/v2\/media\/7055"}],"wp:attachment":[{"href":"https:\/\/guiadenoticias.com.ar\/diario\/wp-json\/wp\/v2\/media?parent=7054"}],"wp:term":[{"taxonomy":"category","embeddable":true,"href":"https:\/\/guiadenoticias.com.ar\/diario\/wp-json\/wp\/v2\/categories?post=7054"},{"taxonomy":"post_tag","embeddable":true,"href":"https:\/\/guiadenoticias.com.ar\/diario\/wp-json\/wp\/v2\/tags?post=7054"}],"curies":[{"name":"wp","href":"https:\/\/api.w.org\/{rel}","templated":true}]}}