{"id":7058,"date":"2017-03-30T18:18:35","date_gmt":"2017-03-30T21:18:35","guid":{"rendered":"http:\/\/guiadenoticias.com.ar\/diario\/?p=7058"},"modified":"2017-03-30T18:19:37","modified_gmt":"2017-03-30T21:19:37","slug":"descamisados-presento-del-observatorio-3f-para-todos","status":"publish","type":"post","link":"https:\/\/guiadenoticias.com.ar\/diario\/descamisados-presento-del-observatorio-3f-para-todos\/","title":{"rendered":"Descamisados present\u00f3 el Observatorio \u201c3F para todos\u201d"},"content":{"rendered":"<p>La corriente peronista Descamisados present\u00f3 el Observatorio de Pol\u00edticas P\u00fablicas \u201cTres de Febrero para todos\u201d, el martes a la noche en un sal\u00f3n de Santos Lugares. El referente local de la organizaci\u00f3n Pablo Balor; Juan Debandi, diputado provincial por el Frente para la Victoria y dirigente de La C\u00e1mpora; y el concejal M\u00e1ximo Rodr\u00edguez, encabezaron la actividad.<\/p>\n<p>Balor explic\u00f3 los fundamentos del Observatorio y sus objetivos. \u201cUno no plantea la cr\u00edtica sin proponer, que es lo que abunda en la pol\u00edtica. La idea es construir, ver lo que se hace mal para aportar soluciones\u201d. Con un objetivo final: \u201cSi no conseguimos respuestas oficiales a nuestros aportes, vamos a usarlas para construir nuestra propia plataforma de cara a recuperar el distrito para el peronismo y el Frente para la Victoria\u201d, expuso.<\/p>\n<p>Aclar\u00f3 que el Observatorio se reivindica como espacio de militancia pol\u00edtica, porque \u201cprovenimos de un proyecto pol\u00edtico, econ\u00f3mico y social que inclu\u00eda m\u00e1s de lo que exclu\u00eda, con defectos y falencias pero con pol\u00edticas p\u00fablicas\u201d. Y aprovech\u00f3 para se\u00f1alar que en cambio \u201choy ten\u00e9s medidas restrictivas, como lo criminal que es terminar con el Programa Remediar. El proyecto anterior ten\u00eda falencias, pero tend\u00eda a incluir. En el actual baja casi el 25% el consumo de leche mientras sube la venta de autos de alta gama. Est\u00e1 claro hacia d\u00f3nde va orientado este proyecto pol\u00edtico\u201d.<\/p>\n<p>La coordinaci\u00f3n del espacio est\u00e1 a cargo de Adela I\u00f1igo Carrera, quien es docente de Historia e hija del Vasco I\u00f1igo Carrera, hist\u00f3rica referencia peronista del distrito. \u201cCreemos que el Observatorio debe ser una herramienta para la construcci\u00f3n de pol\u00edticas p\u00fablicas, y que las estrategias territoriales deben ser producto de una construcci\u00f3n colectiva. Mientras que los gobiernos nacional, provincial y distrital desarrollan pol\u00edticas para pocos\u201d, apunt\u00f3.<\/p>\n<p>Por su parte, el legislador Debandi sostuvo que \u201cnecesitamos trabajar con la fuerza de la militancia y con la minuciosidad de la academia\u201d. Y retomando palabras de M\u00e1ximo Kirchner sentenci\u00f3 que \u201cla \u00fanica verdad es transformar la realidad de las personas\u201d.<\/p>\n<p>Asimismo, el referente camporista aprovech\u00f3 para apuntar contra el gobierno municipal de Diego Valenzuela por la designaci\u00f3n y permanencia en el cargo de Juan Manuel Lucioni en la Secretar\u00eda de Seguridad. Y calific\u00f3 la reforma de los espacios verdes como \u201cuna pol\u00edtica clara de maquillaje y marketing\u201d.<\/p>\n<p>A su turno M\u00e1ximo Rodr\u00edguez recalc\u00f3, \u201ctenemos que identificar el enemigo a vencer y la idea a vencer, porque el debate es ideol\u00f3gico en la defensa de los logros alcanzados en 12 a\u00f1os\u201d. El presidente del bloque FpV plante\u00f3 que el Observatorio deber\u00eda subsanar una falta de informaci\u00f3n que, seg\u00fan \u00e9l, no provee el Ejecutivo municipal.<\/p>\n<p>Tras la disertaci\u00f3n de los dirigentes se hizo circular el micr\u00f3fono para las opiniones y preguntas de los militantes y vecinos que se acercaron a Santos Lugares. Se plantearon las problem\u00e1ticas de vivienda como en Barrio Evita y Los Rusos, de las cooperativas de trabajo, los merenderos, la falta de reconocimiento de los promotores de salud, as\u00ed como las problem\u00e1ticas de la educaci\u00f3n y de g\u00e9nero.<\/p>\n<p>Acompa\u00f1aron SUTEBA San Mart\u00edn-Tres de Febrero, Cooperativa de Trabajo Argentina Resiste, Kolina y Comisi\u00f3n de Familiares de Desaparecidos.<\/p>\n<p><strong>RECLAMO DE RENOVACI\u00d3N GENERACIONAL<\/strong><\/p>\n<p>El l\u00edder de Descamisados aprovech\u00f3 la ronda de prensa para realizar una autocr\u00edtica y a su vez posicionar a espacio en la discusi\u00f3n de poder dentro del kirchnerismo. \u201cHemos cometido errores, pero lanzamos este observatorio desde la organizaci\u00f3n y decimos \u2018ac\u00e1 estamos y no hemos tenido grandes espacios institucionales para participar\u2019. Lo venimos diciendo de la manera m\u00e1s sincera posible. En caso de no ser tenidos en cuenta desde el Observatorio y la organizaci\u00f3n pol\u00edtica tenemos la posibilidad de hacer esto m\u00e1s amplio\u201d.<\/p>\n<p>Pero fue puntualmente agudo sobre la tan discutida \u201crenovaci\u00f3n\u201d al interior del justicialismo. \u201cCreemos que hay que cambiar caras en la pol\u00edtica, pero no debe ser una lavada de cara. El trasvasamiento generacional debe ser real\u201d.<\/p>\n","protected":false},"excerpt":{"rendered":"<p>La corriente peronista Descamisados present\u00f3 el Observatorio de Pol\u00edticas P\u00fablicas \u201cTres de Febrero para todos\u201d, el martes a la noche en un sal\u00f3n de Santos Lugares. El referente local de la organizaci\u00f3n Pablo Balor; Juan Debandi, diputado provincial por el Frente para la Victoria y dirigente de La C\u00e1mpora; y el concejal M\u00e1ximo Rodr\u00edguez, encabezaron [&hellip;]<\/p>\n","protected":false},"author":1,"featured_media":7059,"comment_status":"closed","ping_status":"open","sticky":false,"template":"","format":"standard","meta":{"footnotes":""},"categories":[20,48,26],"tags":[],"class_list":{"0":"post-7058","1":"post","2":"type-post","3":"status-publish","4":"format-standard","5":"has-post-thumbnail","7":"category-municipios","8":"category-politica-argentina","9":"category-tres-de-febrero"},"aioseo_notices":[],"_links":{"self":[{"href":"https:\/\/guiadenoticias.com.ar\/diario\/wp-json\/wp\/v2\/posts\/7058","targetHints":{"allow":["GET"]}}],"collection":[{"href":"https:\/\/guiadenoticias.com.ar\/diario\/wp-json\/wp\/v2\/posts"}],"about":[{"href":"https:\/\/guiadenoticias.com.ar\/diario\/wp-json\/wp\/v2\/types\/post"}],"author":[{"embeddable":true,"href":"https:\/\/guiadenoticias.com.ar\/diario\/wp-json\/wp\/v2\/users\/1"}],"replies":[{"embeddable":true,"href":"https:\/\/guiadenoticias.com.ar\/diario\/wp-json\/wp\/v2\/comments?post=7058"}],"version-history":[{"count":2,"href":"https:\/\/guiadenoticias.com.ar\/diario\/wp-json\/wp\/v2\/posts\/7058\/revisions"}],"predecessor-version":[{"id":7061,"href":"https:\/\/guiadenoticias.com.ar\/diario\/wp-json\/wp\/v2\/posts\/7058\/revisions\/7061"}],"wp:featuredmedia":[{"embeddable":true,"href":"https:\/\/guiadenoticias.com.ar\/diario\/wp-json\/wp\/v2\/media\/7059"}],"wp:attachment":[{"href":"https:\/\/guiadenoticias.com.ar\/diario\/wp-json\/wp\/v2\/media?parent=7058"}],"wp:term":[{"taxonomy":"category","embeddable":true,"href":"https:\/\/guiadenoticias.com.ar\/diario\/wp-json\/wp\/v2\/categories?post=7058"},{"taxonomy":"post_tag","embeddable":true,"href":"https:\/\/guiadenoticias.com.ar\/diario\/wp-json\/wp\/v2\/tags?post=7058"}],"curies":[{"name":"wp","href":"https:\/\/api.w.org\/{rel}","templated":true}]}}