{"id":7104,"date":"2017-04-07T01:00:47","date_gmt":"2017-04-07T04:00:47","guid":{"rendered":"http:\/\/guiadenoticias.com.ar\/diario\/?p=7104"},"modified":"2017-04-07T01:01:53","modified_gmt":"2017-04-07T04:01:53","slug":"6a-sindicatos-de-san-martin-y-tres-de-febrero-defendieron-el-paro","status":"publish","type":"post","link":"https:\/\/guiadenoticias.com.ar\/diario\/6a-sindicatos-de-san-martin-y-tres-de-febrero-defendieron-el-paro\/","title":{"rendered":"Sindicatos de San Martin y Tres de Febrero defendieron el paro"},"content":{"rendered":"<p>La ma\u00f1ana anterior al primer paro general convocado por la CGT contra el gobierno de Mauricio Macri, un grupo de dirigentes sindicales de Tres de Febrero y San Mart\u00edn confluyeron para defenderse de las cr\u00edticas oficialistas y profundizar sobre las motivaciones de la medida.<\/p>\n<p>Manifestaron que las pol\u00edticas econ\u00f3micas del Gobierno &#8211; a favor del capital minero y financiero &#8211; los tarifazos, los techos a las paritarias y la desocupaci\u00f3n son las principales razones de la huelga.<\/p>\n<p>El anfitri\u00f3n fue el delegado regional de La Bancaria, Jorge Deantoni. Se sumaron a la conferencia de prensa los dirigentes nacionales de SEIVARA, Jos\u00e9 Luis Carballeira y Cristian Ger\u00f3nimo; el integrante de la comisi\u00f3n nacional de SECASPFI, Juan Manuel Barrientos; los dirigentes curtidores Jorge Reisch (presidente de la Cooperativa Cueroflex) y Ulises Lobo de la Federaci\u00f3n Gr\u00e1fica; y Dami\u00e1n Veliz, de la Uni\u00f3n Ferroviaria de Tres de Febrero.<\/p>\n<p>Tambi\u00e9n particip\u00f3 el secretario general de UDOCBA Tres de Febrero, Javier Cardei, que recibi\u00f3 solidaridad gremial por el conflicto docente. \u201cCon la lucha de los docentes los militantes gremiales nos estamos revitalizando\u201d, reconoci\u00f3 Deantoni. Cardei agreg\u00f3 que \u201cla estrategia del Gobierno es deslegitimar el reclamo y polarizar pol\u00edticamente en la figura del compa\u00f1ero Roberto Baradel\u201d, y sostuvo que el conflicto no es s\u00f3lo salarial, sino por condiciones edilicias y comedores escolares.<\/p>\n<p><strong>APOLOG\u00cdA DE LA GRIETA<\/strong><\/p>\n<p>Los gremialistas coincidieron en que el llamado al paro \u201ctiene justificadas razones\u201d en las pol\u00edticas econ\u00f3micas nacionales. Tambi\u00e9n reavivaron el debate por la \u201cgrieta\u201d, que no ser\u00eda s\u00f3lo ideol\u00f3gica sino social y se seguir\u00eda agrandando por causa del oficialismo. Pero hasta algunos se animaron a defender la existencia de tal brecha en la sociedad argentina. \u201cEst\u00e1 bien que haya grieta, as\u00ed uno sabe d\u00f3nde pararse\u201d, desaf\u00edo Jorge Deantoni.<\/p>\n<p>Seg\u00fan palabras de Barrientos, \u201ca golpe de bolsillo vemos un gobierno nacional que nos sigue asfixiando\u201d. Recalc\u00f3 que \u201cm\u00e1s all\u00e1 de la demonizaci\u00f3n al movimiento obrero organizado vemos con preocupaci\u00f3n que desde el Presidente se profundizan las contradicciones sociales que no es s\u00f3lo la grieta pol\u00edtica sino la grieta clasista\u201d.<\/p>\n<p>Por su parte, Jorge Reisch consider\u00f3 que en el contexto de combatividad sindical \u201cla grieta se va a profundizar. No somos burocracia sindical, tenemos el orgullo de mirar a la cara a los trabajadores y presentar pelea\u201d. El sindicalista, adem\u00e1s, es presidente de la Cooperativa CueroFlex, una empresa recuperada de San Martin que el a\u00f1o pasado fue noticia al sufrir el tarifazo el\u00e9ctrico.<\/p>\n<p>Cristian Ger\u00f3nimo puso los t\u00e9rminos en una perspectiva hist\u00f3rica. \u201cEsto es el menemismo recargado. La grieta no viene de hace 10 a\u00f1os como dicen ellos, sino de hace 50 a\u00f1os\u201d, en obvia referencia al surgimiento del peronismo.<\/p>\n<p><strong>DEMONIZACI\u00d3N DEL SINDICALISMO<\/strong><\/p>\n<p>Debido a la creciente movilizaci\u00f3n social contra el macrismo, de usinas oficialistas acusaron al gremialismo y otros sectores pol\u00edticos de intentar desestabilizar las instituciones democr\u00e1ticas. En respuesta, la dirigencia reunida en San Martin ratific\u00f3 su compromiso democr\u00e1tico.<\/p>\n<p>\u201cLa realidad hoy es la pauperizaci\u00f3n del pueblo argentino y la demonizaci\u00f3n de quienes nos oponemos dentro de los l\u00edmites de la democracia para poner un freno a estos gobiernos conservadores\u201d, reaccion\u00f3 Jos\u00e9 Carballeira.<\/p>\n<p>El anfitri\u00f3n manifest\u00f3 su enojo contra esas acusaciones. \u201cQue no nos vengan a dar lecciones de democracia que la mayor parte de los muertos en la dictadura fueron del movimiento obrero\u201d, lanz\u00f3. Por esta raz\u00f3n, al reconocer que dif\u00edcilmente el presidente Macri cambie el rumbo de sus medidas, sostuvieron que la salida siempre debe ser electoral.<\/p>\n<p>Adem\u00e1s, se despegaron de las palabras del titular del gremio de taxistas Omar Viviani que \u201cllam\u00f3 a dar vuelta los coches de los que no se plieguen al paro\u201d y las relativizaron como un exabrupto.<\/p>\n","protected":false},"excerpt":{"rendered":"<p>La ma\u00f1ana anterior al primer paro general convocado por la CGT contra el gobierno de Mauricio Macri, un grupo de dirigentes sindicales de Tres de Febrero y San Mart\u00edn confluyeron para defenderse de las cr\u00edticas oficialistas y profundizar sobre las motivaciones de la medida. Manifestaron que las pol\u00edticas econ\u00f3micas del Gobierno &#8211; a favor del [&hellip;]<\/p>\n","protected":false},"author":1,"featured_media":7105,"comment_status":"closed","ping_status":"open","sticky":false,"template":"","format":"standard","meta":{"footnotes":""},"categories":[49,20,48,24,26],"tags":[],"class_list":{"0":"post-7104","1":"post","2":"type-post","3":"status-publish","4":"format-standard","5":"has-post-thumbnail","7":"category-economia-y-gremiales","8":"category-municipios","9":"category-politica-argentina","10":"category-san-martin","11":"category-tres-de-febrero"},"aioseo_notices":[],"_links":{"self":[{"href":"https:\/\/guiadenoticias.com.ar\/diario\/wp-json\/wp\/v2\/posts\/7104","targetHints":{"allow":["GET"]}}],"collection":[{"href":"https:\/\/guiadenoticias.com.ar\/diario\/wp-json\/wp\/v2\/posts"}],"about":[{"href":"https:\/\/guiadenoticias.com.ar\/diario\/wp-json\/wp\/v2\/types\/post"}],"author":[{"embeddable":true,"href":"https:\/\/guiadenoticias.com.ar\/diario\/wp-json\/wp\/v2\/users\/1"}],"replies":[{"embeddable":true,"href":"https:\/\/guiadenoticias.com.ar\/diario\/wp-json\/wp\/v2\/comments?post=7104"}],"version-history":[{"count":2,"href":"https:\/\/guiadenoticias.com.ar\/diario\/wp-json\/wp\/v2\/posts\/7104\/revisions"}],"predecessor-version":[{"id":7107,"href":"https:\/\/guiadenoticias.com.ar\/diario\/wp-json\/wp\/v2\/posts\/7104\/revisions\/7107"}],"wp:featuredmedia":[{"embeddable":true,"href":"https:\/\/guiadenoticias.com.ar\/diario\/wp-json\/wp\/v2\/media\/7105"}],"wp:attachment":[{"href":"https:\/\/guiadenoticias.com.ar\/diario\/wp-json\/wp\/v2\/media?parent=7104"}],"wp:term":[{"taxonomy":"category","embeddable":true,"href":"https:\/\/guiadenoticias.com.ar\/diario\/wp-json\/wp\/v2\/categories?post=7104"},{"taxonomy":"post_tag","embeddable":true,"href":"https:\/\/guiadenoticias.com.ar\/diario\/wp-json\/wp\/v2\/tags?post=7104"}],"curies":[{"name":"wp","href":"https:\/\/api.w.org\/{rel}","templated":true}]}}