{"id":7147,"date":"2017-04-16T20:22:13","date_gmt":"2017-04-16T23:22:13","guid":{"rendered":"http:\/\/guiadenoticias.com.ar\/diario\/?p=7147"},"modified":"2017-04-16T20:36:36","modified_gmt":"2017-04-16T23:36:36","slug":"con-optimismo-electoral-se-presento-la-mesa-cambiemos-3f","status":"publish","type":"post","link":"https:\/\/guiadenoticias.com.ar\/diario\/con-optimismo-electoral-se-presento-la-mesa-cambiemos-3f\/","title":{"rendered":"Con optimismo electoral, se present\u00f3 la mesa Cambiemos 3F"},"content":{"rendered":"<p>Trasmitiendo un entusiasmo pre electoral, el intendente de Tres de Febrero, Diego Valenzuela, dio a conocer la mesa de conducci\u00f3n de Cambiemos a nivel local, junto al subsecretario provincial de Asuntos Municipales, Alex Campbell.<\/p>\n<p>\u201cPara sostener el cambio, el instrumento es Cambiemos. Es la identidad pol\u00edtica m\u00e1s importante, a\u00fan m\u00e1s que el peronismo\u201d, se envalenton\u00f3 el jefe comunal frente a los funcionarios y militantes que abarrotaron un conocido sal\u00f3n cercano a Tropez\u00f3n. Tambi\u00e9n dej\u00f3 un reconocimiento a sus socios pol\u00edticos: \u201cMe siento orgullosamente el intendente de la Coalici\u00f3n C\u00edvica y del radicalismo en Tres de Febrero, porque soy de Cambiemos. Por eso esta mesa es un gran paso adelante, que fortalece la idea de diversidad\u201d.<\/p>\n<p>Una de las notas salientes en el acto fue que la mesa cuenta con una composici\u00f3n \u201campliada\u201d, ya que sellaron su incorporaci\u00f3n dos dirigentes extra-Cambiemos, los ediles Susana Berisso y Ra\u00fal Mazzeo. Desde la campa\u00f1a electoral se alejaron del Frente Renovador y sumaron su apoyo al actual intendente. Desde ahora son reconocidos como parte del armado local macrista.<\/p>\n<p>En ese marco, el intendente asegur\u00f3 que est\u00e1 \u201cconvencido que estamos haciendo las cosas bien, tenemos una gran adhesi\u00f3n de la gente, la esperanza se mantiene y se acrecienta\u201d. Por eso, \u201ctenemos la gran responsabilidad de confirmar con el voto el cambio en agosto y octubre\u201d.<\/p>\n<p>Entusiasmado postul\u00f3 que \u201cestamos en una bisagra hist\u00f3rica. Queremos que el gobierno de Mauricio Macri sea el primero de una nueva Argentina, no queremos volver atr\u00e1s, queremos consolidar esta esperanza\u201d. \u00a0Bas\u00f3 su fe en la manifestaci\u00f3n del 1A. \u201cLa gente nos dio el mensaje del que hablamos en campa\u00f1a, que se puede. Y en Tres de Febrero s\u00ed se pudo ganar y gobernar bien\u201d.<\/p>\n<p>Sin embargo, areng\u00f3 a la tropa apuntando que a\u00fan \u201chay mucho en juego en la Argentina de hoy. Si todos van para atr\u00e1s y ninguno se compromete, este cambio naufraga\u201d.<\/p>\n<p>Alex Campbell manifest\u00f3 su confianza que \u201cCambiemos, no tengo duda, va a ganar la elecci\u00f3n de este a\u00f1o. La gobernadora y el Presidente est\u00e1n el camino correcto\u201d. Y felicit\u00f3 al Ejecutivo local \u201cque es un emblema y orgullo para nosotros. Es un caso exitoso de Cambiemos en la Provincia\u201d, resalt\u00f3.<\/p>\n<p>Uno de los ausentes fue el secretario de Seguridad, Juan Manuel Lucioni, referente del Partido Fe (hab\u00eda sido candidato a senador provincial por esa fuerza). Lucioni est\u00e1 en la mira de la oposici\u00f3n por el impacto de la inseguridad en el distrito.<\/p>\n<p><strong>COMPOSICI\u00d3N DE LA MESA CAMBIEMOS 3F<\/strong><\/p>\n<p>Intendente Diego Valenzuela en el liderazgo.<\/p>\n<p>PRO: el presidente del Concejo Deliberante, Sergio Iacovino, y el concejal Juan Carlos Berns.<\/p>\n<p>UCR: el concejal Marcelo Bello y el presidente del comit\u00e9 distrital y director de Asuntos Institucionales, Marcelo Locatti.<\/p>\n<p>Espacio Abierto: el titular del Consejo Escolar, Eduardo Maddonni (proveniente del possismo).<\/p>\n<p>Coalici\u00f3n C\u00edvica-ARI: el director de Acci\u00f3n Social, Fernando Trigo, y el consejero escolar V\u00edctor Albarrac\u00edn.<\/p>\n<p>Bloque Arturo Jauretche: Ra\u00fal Mazzeo<\/p>\n<p>Bloque Vecinos por el Cambio: Susana Berisso.<\/p>\n<p>Partido Fe: el coordinador local de Argentina Trabaja, Enrique Carrizo.<\/p>\n","protected":false},"excerpt":{"rendered":"<p>Trasmitiendo un entusiasmo pre electoral, el intendente de Tres de Febrero, Diego Valenzuela, dio a conocer la mesa de conducci\u00f3n de Cambiemos a nivel local, junto al subsecretario provincial de Asuntos Municipales, Alex Campbell. \u201cPara sostener el cambio, el instrumento es Cambiemos. Es la identidad pol\u00edtica m\u00e1s importante, a\u00fan m\u00e1s que el peronismo\u201d, se envalenton\u00f3 [&hellip;]<\/p>\n","protected":false},"author":1,"featured_media":7148,"comment_status":"closed","ping_status":"open","sticky":false,"template":"","format":"standard","meta":{"footnotes":""},"categories":[20,48,26],"tags":[],"class_list":{"0":"post-7147","1":"post","2":"type-post","3":"status-publish","4":"format-standard","5":"has-post-thumbnail","7":"category-municipios","8":"category-politica-argentina","9":"category-tres-de-febrero"},"aioseo_notices":[],"_links":{"self":[{"href":"https:\/\/guiadenoticias.com.ar\/diario\/wp-json\/wp\/v2\/posts\/7147","targetHints":{"allow":["GET"]}}],"collection":[{"href":"https:\/\/guiadenoticias.com.ar\/diario\/wp-json\/wp\/v2\/posts"}],"about":[{"href":"https:\/\/guiadenoticias.com.ar\/diario\/wp-json\/wp\/v2\/types\/post"}],"author":[{"embeddable":true,"href":"https:\/\/guiadenoticias.com.ar\/diario\/wp-json\/wp\/v2\/users\/1"}],"replies":[{"embeddable":true,"href":"https:\/\/guiadenoticias.com.ar\/diario\/wp-json\/wp\/v2\/comments?post=7147"}],"version-history":[{"count":3,"href":"https:\/\/guiadenoticias.com.ar\/diario\/wp-json\/wp\/v2\/posts\/7147\/revisions"}],"predecessor-version":[{"id":7152,"href":"https:\/\/guiadenoticias.com.ar\/diario\/wp-json\/wp\/v2\/posts\/7147\/revisions\/7152"}],"wp:featuredmedia":[{"embeddable":true,"href":"https:\/\/guiadenoticias.com.ar\/diario\/wp-json\/wp\/v2\/media\/7148"}],"wp:attachment":[{"href":"https:\/\/guiadenoticias.com.ar\/diario\/wp-json\/wp\/v2\/media?parent=7147"}],"wp:term":[{"taxonomy":"category","embeddable":true,"href":"https:\/\/guiadenoticias.com.ar\/diario\/wp-json\/wp\/v2\/categories?post=7147"},{"taxonomy":"post_tag","embeddable":true,"href":"https:\/\/guiadenoticias.com.ar\/diario\/wp-json\/wp\/v2\/tags?post=7147"}],"curies":[{"name":"wp","href":"https:\/\/api.w.org\/{rel}","templated":true}]}}