{"id":7153,"date":"2017-04-16T21:14:48","date_gmt":"2017-04-17T00:14:48","guid":{"rendered":"http:\/\/guiadenoticias.com.ar\/diario\/?p=7153"},"modified":"2017-04-16T21:15:00","modified_gmt":"2017-04-17T00:15:00","slug":"reclamos-y-repudios-en-la-primera-sesion-ordinaria-de-sf","status":"publish","type":"post","link":"https:\/\/guiadenoticias.com.ar\/diario\/reclamos-y-repudios-en-la-primera-sesion-ordinaria-de-sf\/","title":{"rendered":"Reclamos y repudios en la primera sesi\u00f3n ordinaria de SF"},"content":{"rendered":"<p>Por unanimidad, el Concejo Deliberante de San Fernando reclam\u00f3 al ENRE sanciones a Edenor por cortes y la ratificaci\u00f3n del 24 de marzo como D\u00eda Nacional de la Memoria. Adem\u00e1s, se pidi\u00f3 la inclusi\u00f3n de San Fernando en el plan provincial de Reparaci\u00f3n de Comisar\u00edas; se realizaron declaraciones de repudio a la represi\u00f3n de la protesta docente y un homenaje a Micaela Garc\u00eda, v\u00edctima de femicidio.<\/p>\n<p>Finalizada la primera sesi\u00f3n ordinaria del a\u00f1o, Pablo Peredo, presidente del bloque Frente Renovador, detall\u00f3: \u201cTen\u00edamos m\u00e1s de 100 expedientes para tratar. Fue un orgullo para nuestro bloque trabajar en conjunto con los de Cambiemos y del Frente para la Victoria, en un proyecto de resoluci\u00f3n solicitando al Ente Regulador (ENRE) que sancione a la empresa Edenor por los reiterados cortes de suministro sufridos por los sanfernandinos durante enero y febrero\u201d. Adem\u00e1s, el HCD solicit\u00f3 la conformaci\u00f3n de una mesa de trabajo.<\/p>\n<p>Agreg\u00f3 que \u201ca todos los vecinos les vino el aumento en la factura, y este verano hemos sufrido m\u00e1s cortes que nunca. El Departamento Ejecutivo tuvo m\u00e1s de 80 reuniones, cartas y resoluci\u00f3n de conflictos con Edenor, mediante la oficina de Atenci\u00f3n al Vecino, de la OMIC y tambi\u00e9n reuniones con funcionarios, porque es una problem\u00e1tica no s\u00f3lo del continente, sino tambi\u00e9n de la isla, Para el vecino isle\u00f1o, el suministro el\u00e9ctrico es prioridad, porque su falta lo afecta gravemente\u201d.<\/p>\n<p>En torno al recordatorio del 24 de marzo, Corina Ram\u00edrez agreg\u00f3 mencion\u00f3, \u201clas heridas que dej\u00f3 la dictadura no son banderas de ning\u00fan partido pol\u00edtico. Esto es lo que nos llev\u00f3 a todos los concejales de San Fernando a despojarnos de nuestro partido, de cualquier pensamiento ideol\u00f3gico, y plantear que los derechos humanos son pol\u00edtica de Estado. Desde Alfons\u00edn hasta la fecha, todos los presidentes bregaron por estos derechos que en aquel momento fueron pisoteados, dejando las heridas que hoy tenemos en la historia\u201d.<\/p>\n<p>La edil habl\u00f3 tambi\u00e9n sobre las obras destinadas a comisar\u00edas. \u201cEl HCD no pod\u00eda dejar pasar el anuncio del ministro Ritondo sobre la puesta en marcha del plan de reparaci\u00f3n y otras inversiones en infraestructura de comisar\u00edas, sobre todo porque San Fernando no est\u00e1 incluido dentro del plan, pese a que tenemos cuatro comisar\u00edas. En la lista de distritos, ninguno est\u00e1 gobernado por el Frente Renovador. No queremos entender esto como un acto discriminatorio de Provincia, y por eso solicitamos al Ministerio que incorpore a San Fernando a dicho plan\u201d.<\/p>\n<p>En referencia a una declaraci\u00f3n de repudio a la represi\u00f3n contra los docentes que manifestaban en cercan\u00edas del Congreso, Peredo dijo: \u201cTratamos sobre tablas dos expedientes, uno del FR y otro del FpV expresando el m\u00e1s en\u00e9rgico repudio por el violento desalojo de la protesta de los gremios docentes el 9 de marzo en la Plaza de los Dos Congresos, sin el acompa\u00f1amiento de Cambiemos. Ratificamos que es fundamental que los chicos est\u00e9n en clase, sin olvidarnos que esa responsabilidad es del Estado nacional\u201d.<\/p>\n<p>Ram\u00edrez agreg\u00f3: \u201cSorprendentemente, el bloque Cambiemos justific\u00f3 de alg\u00fan modo la represi\u00f3n a los docentes, lo que no se puede justificar bajo ning\u00fan punto de vista. El Estado nacional tiene que sentarse a resolver cuanto antes esta situaci\u00f3n, porque la educaci\u00f3n no es un tema para polarizar con nadie\u201d.<\/p>\n<p>Y en cuanto al \u00faltimo episodio de femicidio dijo, \u201ctenemos que lamentar la muerte de otra mujer en este pa\u00eds, donde todos levantamos las banderas de \u2018Ni una menos\u2019 pero seguimos escribiendo nombres en las listas y homenajeando a las v\u00edctimas. Nuestro homenaje fue para Micaela y su familia. Tenemos que seguir trabajando para que la Justicia empiece a actuar y se empiece a aplicar la ley\u201d.<\/p>\n","protected":false},"excerpt":{"rendered":"<p>Por unanimidad, el Concejo Deliberante de San Fernando reclam\u00f3 al ENRE sanciones a Edenor por cortes y la ratificaci\u00f3n del 24 de marzo como D\u00eda Nacional de la Memoria. Adem\u00e1s, se pidi\u00f3 la inclusi\u00f3n de San Fernando en el plan provincial de Reparaci\u00f3n de Comisar\u00edas; se realizaron declaraciones de repudio a la represi\u00f3n de la [&hellip;]<\/p>\n","protected":false},"author":1,"featured_media":7154,"comment_status":"closed","ping_status":"open","sticky":false,"template":"","format":"standard","meta":{"footnotes":""},"categories":[20,48,22],"tags":[],"class_list":{"0":"post-7153","1":"post","2":"type-post","3":"status-publish","4":"format-standard","5":"has-post-thumbnail","7":"category-municipios","8":"category-politica-argentina","9":"category-san-fernando"},"aioseo_notices":[],"_links":{"self":[{"href":"https:\/\/guiadenoticias.com.ar\/diario\/wp-json\/wp\/v2\/posts\/7153","targetHints":{"allow":["GET"]}}],"collection":[{"href":"https:\/\/guiadenoticias.com.ar\/diario\/wp-json\/wp\/v2\/posts"}],"about":[{"href":"https:\/\/guiadenoticias.com.ar\/diario\/wp-json\/wp\/v2\/types\/post"}],"author":[{"embeddable":true,"href":"https:\/\/guiadenoticias.com.ar\/diario\/wp-json\/wp\/v2\/users\/1"}],"replies":[{"embeddable":true,"href":"https:\/\/guiadenoticias.com.ar\/diario\/wp-json\/wp\/v2\/comments?post=7153"}],"version-history":[{"count":1,"href":"https:\/\/guiadenoticias.com.ar\/diario\/wp-json\/wp\/v2\/posts\/7153\/revisions"}],"predecessor-version":[{"id":7155,"href":"https:\/\/guiadenoticias.com.ar\/diario\/wp-json\/wp\/v2\/posts\/7153\/revisions\/7155"}],"wp:featuredmedia":[{"embeddable":true,"href":"https:\/\/guiadenoticias.com.ar\/diario\/wp-json\/wp\/v2\/media\/7154"}],"wp:attachment":[{"href":"https:\/\/guiadenoticias.com.ar\/diario\/wp-json\/wp\/v2\/media?parent=7153"}],"wp:term":[{"taxonomy":"category","embeddable":true,"href":"https:\/\/guiadenoticias.com.ar\/diario\/wp-json\/wp\/v2\/categories?post=7153"},{"taxonomy":"post_tag","embeddable":true,"href":"https:\/\/guiadenoticias.com.ar\/diario\/wp-json\/wp\/v2\/tags?post=7153"}],"curies":[{"name":"wp","href":"https:\/\/api.w.org\/{rel}","templated":true}]}}