{"id":7176,"date":"2017-04-19T00:53:09","date_gmt":"2017-04-19T03:53:09","guid":{"rendered":"http:\/\/guiadenoticias.com.ar\/diario\/?p=7176"},"modified":"2017-04-19T00:54:50","modified_gmt":"2017-04-19T03:54:50","slug":"ante-senadores-randazzo-insistio-que-debe-haber-internas-en-el-peronismo","status":"publish","type":"post","link":"https:\/\/guiadenoticias.com.ar\/diario\/ante-senadores-randazzo-insistio-que-debe-haber-internas-en-el-peronismo\/","title":{"rendered":"Ante senadores, Randazzo insisti\u00f3 con las internas en el peronismo"},"content":{"rendered":"<p>El ex ministro del Interior del kirchnerismo Florencio Randazzo mantuvo una reuni\u00f3n con el jefe del bloque de senadores del PJ-FpV, Miguel \u00c1ngel Pichetto, en un encuentro en el que analizaron la \u00abpreocupante situaci\u00f3n econ\u00f3mica y social del pa\u00eds\u00bb y coincidieron en la necesidad de una \u00abrenovaci\u00f3n generacional del peronismo\u00bb.<\/p>\n<p>Fuentes legislativas informaron a DyN que Randazzo y Pichetto se mostraron de acuerdo en que el sistema de las PASO de agosto es un \u00abinstrumento adecuado para resolver el futuro\u00bb del peronismo.<\/p>\n<p>Adem\u00e1s de Pichetto, participaron de la reuni\u00f3n los senadores Juan Manuel Abal Medina, Pedro Guastavino, Rodolfo Urtubey, Julio Catal\u00e1n Magni, Omar Perotti, Carlos Espinola y Juan Mario Pais.<\/p>\n<p>Al ser consultado por la mesa por su posible candidatura, Randazzo contest\u00f3 con evasivas. \u00abNo hay confirmaci\u00f3n, todav\u00eda hay tiempo hasta el 24 de junio\u00bb, comentan desde el entorno del chivilcoyano. Por lo pronto, en la mesa tambi\u00e9n coincidieron con el bonaerense y destacaron que \u00abtiene que haber internas en el peronismo\u00bb. M\u00e1s de uno tom\u00f3 esa reuni\u00f3n como una confirmaci\u00f3n de la candidatura. \u00abVa a ser candidato\u00bb, dijo un legislador al salir del encuentro.<\/p>\n<p>La reuni\u00f3n se produjo en momentos en que el ex funcionario nacional activ\u00f3 un armado electoral con la esperanza de ser uno de los candidatos del PJ en las elecciones primarias de agosto y consagrarse para las legislativas de octubre.<\/p>\n","protected":false},"excerpt":{"rendered":"<p>El ex ministro del Interior del kirchnerismo Florencio Randazzo mantuvo una reuni\u00f3n con el jefe del bloque de senadores del PJ-FpV, Miguel \u00c1ngel Pichetto, en un encuentro en el que analizaron la \u00abpreocupante situaci\u00f3n econ\u00f3mica y social del pa\u00eds\u00bb y coincidieron en la necesidad de una \u00abrenovaci\u00f3n generacional del peronismo\u00bb. Fuentes legislativas informaron a DyN [&hellip;]<\/p>\n","protected":false},"author":1,"featured_media":7177,"comment_status":"closed","ping_status":"open","sticky":false,"template":"","format":"standard","meta":{"footnotes":""},"categories":[30,48,31],"tags":[],"class_list":{"0":"post-7176","1":"post","2":"type-post","3":"status-publish","4":"format-standard","5":"has-post-thumbnail","7":"category-nacion","8":"category-politica-argentina","9":"category-provincia"},"aioseo_notices":[],"_links":{"self":[{"href":"https:\/\/guiadenoticias.com.ar\/diario\/wp-json\/wp\/v2\/posts\/7176","targetHints":{"allow":["GET"]}}],"collection":[{"href":"https:\/\/guiadenoticias.com.ar\/diario\/wp-json\/wp\/v2\/posts"}],"about":[{"href":"https:\/\/guiadenoticias.com.ar\/diario\/wp-json\/wp\/v2\/types\/post"}],"author":[{"embeddable":true,"href":"https:\/\/guiadenoticias.com.ar\/diario\/wp-json\/wp\/v2\/users\/1"}],"replies":[{"embeddable":true,"href":"https:\/\/guiadenoticias.com.ar\/diario\/wp-json\/wp\/v2\/comments?post=7176"}],"version-history":[{"count":2,"href":"https:\/\/guiadenoticias.com.ar\/diario\/wp-json\/wp\/v2\/posts\/7176\/revisions"}],"predecessor-version":[{"id":7179,"href":"https:\/\/guiadenoticias.com.ar\/diario\/wp-json\/wp\/v2\/posts\/7176\/revisions\/7179"}],"wp:featuredmedia":[{"embeddable":true,"href":"https:\/\/guiadenoticias.com.ar\/diario\/wp-json\/wp\/v2\/media\/7177"}],"wp:attachment":[{"href":"https:\/\/guiadenoticias.com.ar\/diario\/wp-json\/wp\/v2\/media?parent=7176"}],"wp:term":[{"taxonomy":"category","embeddable":true,"href":"https:\/\/guiadenoticias.com.ar\/diario\/wp-json\/wp\/v2\/categories?post=7176"},{"taxonomy":"post_tag","embeddable":true,"href":"https:\/\/guiadenoticias.com.ar\/diario\/wp-json\/wp\/v2\/tags?post=7176"}],"curies":[{"name":"wp","href":"https:\/\/api.w.org\/{rel}","templated":true}]}}