{"id":718,"date":"2016-02-15T23:38:51","date_gmt":"2016-02-15T23:38:51","guid":{"rendered":"http:\/\/guiadenoticias.com.ar\/diario\/?p=718"},"modified":"2016-02-16T00:04:08","modified_gmt":"2016-02-16T00:04:08","slug":"robaron-en-cocheria-funebre-y-los-atrapo-el-cot","status":"publish","type":"post","link":"https:\/\/guiadenoticias.com.ar\/diario\/robaron-en-cocheria-funebre-y-los-atrapo-el-cot\/","title":{"rendered":"Robaron en cocher\u00eda f\u00fanebre y los atrap\u00f3 el COT"},"content":{"rendered":"<p>Cuatro j\u00f3venes delincuentes, uno de ellos menor de edad, fueron arrestados luego de huir con un veh\u00edculo robado en una cocher\u00eda f\u00fanebre de Maquinista Savio. Su aprehensi\u00f3n fue posible tras el seguimiento realizado por las c\u00e1maras de seguridad de Tigre, que capturaron el hecho y permitieron el alerta inmediato a los m\u00f3viles del Centro de Operaciones Tigre (COT) y del Comando de Prevenci\u00f3n Comunitaria (CPC), para detenerlos finalmente en la zona de Ruta 197 y M\u00e9xico, localidad de El Talar.<\/p>\n<p>El episodio se registr\u00f3 el \u00faltimo domingo a primeras horas de la ma\u00f1ana. Los asaltantes, que ya fueron identificados, sustrajeron del lugar un rodado marca Subaru Impreza de color gris y otras pertenencias a la gente que se encontraba en el sepelio. Asimismo, tras su detenci\u00f3n, se incautaron en el interior del rodado: tres tel\u00e9fonos celulares; dinero en efectivo y tres rev\u00f3lveres (calibres 32, 22 largo y CO2 largo 38) que conten\u00edan proyectiles en su interior.<\/p>\n<p>Tigre cuenta con m\u00e1s de 1500 c\u00e1maras distribuidas en todo el distrito, que monitorean y permiten informar sobre hechos de inseguridad, accidentes de tr\u00e1nsito y otras acciones que alteren el orden p\u00fablico. A su vez, la infraestructura tecnol\u00f3gica es apoyada por los m\u00f3viles de Protecci\u00f3n Ciudadana, Defensa Civil y Tr\u00e1nsito que patrullan por cuadrilla cada localidad.<\/p>\n","protected":false},"excerpt":{"rendered":"<p>Cuatro j\u00f3venes delincuentes, uno de ellos menor de edad, fueron arrestados luego de huir con un veh\u00edculo robado en una cocher\u00eda f\u00fanebre de Maquinista Savio. Su aprehensi\u00f3n fue posible tras el seguimiento realizado por las c\u00e1maras de seguridad de Tigre, que capturaron el hecho y permitieron el alerta inmediato a los m\u00f3viles del Centro de [&hellip;]<\/p>\n","protected":false},"author":1,"featured_media":720,"comment_status":"closed","ping_status":"open","sticky":false,"template":"","format":"standard","meta":{"footnotes":""},"categories":[20,23],"tags":[],"class_list":{"0":"post-718","1":"post","2":"type-post","3":"status-publish","4":"format-standard","5":"has-post-thumbnail","7":"category-municipios","8":"category-tigre"},"aioseo_notices":[],"_links":{"self":[{"href":"https:\/\/guiadenoticias.com.ar\/diario\/wp-json\/wp\/v2\/posts\/718","targetHints":{"allow":["GET"]}}],"collection":[{"href":"https:\/\/guiadenoticias.com.ar\/diario\/wp-json\/wp\/v2\/posts"}],"about":[{"href":"https:\/\/guiadenoticias.com.ar\/diario\/wp-json\/wp\/v2\/types\/post"}],"author":[{"embeddable":true,"href":"https:\/\/guiadenoticias.com.ar\/diario\/wp-json\/wp\/v2\/users\/1"}],"replies":[{"embeddable":true,"href":"https:\/\/guiadenoticias.com.ar\/diario\/wp-json\/wp\/v2\/comments?post=718"}],"version-history":[{"count":1,"href":"https:\/\/guiadenoticias.com.ar\/diario\/wp-json\/wp\/v2\/posts\/718\/revisions"}],"predecessor-version":[{"id":721,"href":"https:\/\/guiadenoticias.com.ar\/diario\/wp-json\/wp\/v2\/posts\/718\/revisions\/721"}],"wp:featuredmedia":[{"embeddable":true,"href":"https:\/\/guiadenoticias.com.ar\/diario\/wp-json\/wp\/v2\/media\/720"}],"wp:attachment":[{"href":"https:\/\/guiadenoticias.com.ar\/diario\/wp-json\/wp\/v2\/media?parent=718"}],"wp:term":[{"taxonomy":"category","embeddable":true,"href":"https:\/\/guiadenoticias.com.ar\/diario\/wp-json\/wp\/v2\/categories?post=718"},{"taxonomy":"post_tag","embeddable":true,"href":"https:\/\/guiadenoticias.com.ar\/diario\/wp-json\/wp\/v2\/tags?post=718"}],"curies":[{"name":"wp","href":"https:\/\/api.w.org\/{rel}","templated":true}]}}