{"id":7189,"date":"2017-04-20T00:25:42","date_gmt":"2017-04-20T03:25:42","guid":{"rendered":"http:\/\/guiadenoticias.com.ar\/diario\/?p=7189"},"modified":"2017-04-20T00:25:57","modified_gmt":"2017-04-20T03:25:57","slug":"el-partido-obrero-se-alista-para-las-elecciones","status":"publish","type":"post","link":"https:\/\/guiadenoticias.com.ar\/diario\/el-partido-obrero-se-alista-para-las-elecciones\/","title":{"rendered":"El Partido Obrero se alista para las elecciones"},"content":{"rendered":"<p>Con 348 delegados de las 24 provincias del pa\u00eds, deliber\u00f3 en la Facultad de Ciencias Econ\u00f3micas el XXIV Congreso del Partido Obrero. All\u00ed vot\u00f3 su nuevo Comit\u00e9 Nacional, al que se incorporaron dirigentes del movimiento obrero, de la lucha de la mujer\u00a0 y la juventud.<\/p>\n<p>El congreso concluy\u00f3 que \u201cingresamos a una nueva etapa del gobierno de Macri, caracterizada por una agudizaci\u00f3n de la ofensiva contra los trabajadores y, en respuesta a ello, de extensi\u00f3n de las luchas y movilizaciones de masas. Mediante el\u00a0 hiperendeudamiento, los tarifazos y despidos, la \u2018coalici\u00f3n del ajuste\u2019 que integra Macri junto a los gobernadores y bloques parlamentarios del massismo, el PF y el FpV\u00a0 ha agravado las condiciones de vida de las mayor\u00edas trabajadoras\u201d.<\/p>\n<p>Tambi\u00e9n se se\u00f1al\u00f3 que \u201cla izquierda obrera y socialista tiene la responsabilidad\u00a0 de articular su participaci\u00f3n en las luchas con el m\u00e9todo del frente \u00fanico, para expulsar a la burocracia de los sindicatos y desarrollar \u00a0una alternativa pol\u00edtica de los trabajadores\u201d.<\/p>\n<p>El congreso vot\u00f3 un fuerte apoyo a la lista Multicolor, encabezada por Romina del Pl\u00e1, que disputara la direcci\u00f3n del SUTEBA a Roberto Baradel.<\/p>\n<p>Tambi\u00e9n se aprob\u00f3 enviar una carta a los integrantes del FIT y a todo el activismo de la izquierda para \u201cconvocar a formar listas comunes para las elecciones en base a los resultados de las PASO de 2015, y a un congreso del movimiento obrero y de la izquierda, que resuelva un programa y un plan de acci\u00f3n para involucrar activamente a los luchadores obreros en el desarrollo de una alternativa pol\u00edtica\u201d.<\/p>\n<p>Finalmente, el XXIV Congreso le propondr\u00e1 al FIT convocar a un acto obrero, socialista e internacionalista el 1 de mayo, cuyos protagonistas sean los dirigentes de las grandes luchas de este per\u00edodo.<\/p>\n<p>En ese encuentro, adem\u00e1s, votaron los candidatos para las elecciones 2017. En la provincia de Buenos Aires, N\u00e9stor Pitrola a diputado nacional, y Guillermo Kane a diputado provincial. En CABA, Marcelo Ramal, a diputado nacional y Gabriel Solano a legislador.<\/p>\n","protected":false},"excerpt":{"rendered":"<p>Con 348 delegados de las 24 provincias del pa\u00eds, deliber\u00f3 en la Facultad de Ciencias Econ\u00f3micas el XXIV Congreso del Partido Obrero. All\u00ed vot\u00f3 su nuevo Comit\u00e9 Nacional, al que se incorporaron dirigentes del movimiento obrero, de la lucha de la mujer\u00a0 y la juventud. El congreso concluy\u00f3 que \u201cingresamos a una nueva etapa del [&hellip;]<\/p>\n","protected":false},"author":1,"featured_media":7190,"comment_status":"closed","ping_status":"open","sticky":false,"template":"","format":"standard","meta":{"footnotes":""},"categories":[30,48,31],"tags":[],"class_list":{"0":"post-7189","1":"post","2":"type-post","3":"status-publish","4":"format-standard","5":"has-post-thumbnail","7":"category-nacion","8":"category-politica-argentina","9":"category-provincia"},"aioseo_notices":[],"_links":{"self":[{"href":"https:\/\/guiadenoticias.com.ar\/diario\/wp-json\/wp\/v2\/posts\/7189","targetHints":{"allow":["GET"]}}],"collection":[{"href":"https:\/\/guiadenoticias.com.ar\/diario\/wp-json\/wp\/v2\/posts"}],"about":[{"href":"https:\/\/guiadenoticias.com.ar\/diario\/wp-json\/wp\/v2\/types\/post"}],"author":[{"embeddable":true,"href":"https:\/\/guiadenoticias.com.ar\/diario\/wp-json\/wp\/v2\/users\/1"}],"replies":[{"embeddable":true,"href":"https:\/\/guiadenoticias.com.ar\/diario\/wp-json\/wp\/v2\/comments?post=7189"}],"version-history":[{"count":1,"href":"https:\/\/guiadenoticias.com.ar\/diario\/wp-json\/wp\/v2\/posts\/7189\/revisions"}],"predecessor-version":[{"id":7191,"href":"https:\/\/guiadenoticias.com.ar\/diario\/wp-json\/wp\/v2\/posts\/7189\/revisions\/7191"}],"wp:featuredmedia":[{"embeddable":true,"href":"https:\/\/guiadenoticias.com.ar\/diario\/wp-json\/wp\/v2\/media\/7190"}],"wp:attachment":[{"href":"https:\/\/guiadenoticias.com.ar\/diario\/wp-json\/wp\/v2\/media?parent=7189"}],"wp:term":[{"taxonomy":"category","embeddable":true,"href":"https:\/\/guiadenoticias.com.ar\/diario\/wp-json\/wp\/v2\/categories?post=7189"},{"taxonomy":"post_tag","embeddable":true,"href":"https:\/\/guiadenoticias.com.ar\/diario\/wp-json\/wp\/v2\/tags?post=7189"}],"curies":[{"name":"wp","href":"https:\/\/api.w.org\/{rel}","templated":true}]}}