{"id":7209,"date":"2017-04-21T14:11:16","date_gmt":"2017-04-21T17:11:16","guid":{"rendered":"http:\/\/guiadenoticias.com.ar\/diario\/?p=7209"},"modified":"2017-04-21T14:20:44","modified_gmt":"2017-04-21T17:20:44","slug":"mazzeo-el-peronismo-dificilmente-vuelva-a-ser-moderno-de-la-mano-de-cfk","status":"publish","type":"post","link":"https:\/\/guiadenoticias.com.ar\/diario\/mazzeo-el-peronismo-dificilmente-vuelva-a-ser-moderno-de-la-mano-de-cfk\/","title":{"rendered":"Mazzeo: \u201cEl peronismo dif\u00edcilmente vuelva a ser moderno con CFK\u201d"},"content":{"rendered":"<p>D\u00edas despu\u00e9s de la presentaci\u00f3n de la Mesa local del Cambiemos, espacio que en Tres de Febrero suma actores que van m\u00e1s all\u00e1 del acuerdo frentista original, como los concejales Susana Berisso y Ra\u00fal Mazzeo, el edil del bloque Arturo Jauretche explic\u00f3 esta estrategia pol\u00edtica en el programa La Data (martes y jueves, a las 15, en Mpquatro online).<\/p>\n<p>\u201cEn primera instancia, Cambiemos es un frente que est\u00e1 constituido por el PRO, por la Uni\u00f3n C\u00edvica Radical, el Partido Fe y la Coalici\u00f3n C\u00edvica. La novedad en este distrito es que se sum\u00f3 la agrupaci\u00f3n peronista Arturo Jauretche que yo presido y la agrupaci\u00f3n vecinal de Berisso. Y por parte del Consejo Escolar est\u00e1 Eduardo Maddonni, que proviene del possismo\u201d.<\/p>\n<p><strong>\u00bfCada uno preserva su identidad y se suma a un frente electoral?<\/strong><\/p>\n<p>Pero tambi\u00e9n Cambiemos es un propuesta a futuro, la idea es crear un intercambio \u00abqu\u00edmico\u00bb si se puede decir as\u00ed, entre los distintos integrantes para ir modelando una identidad. A nivel nacional forma parte del gabinete gente como Rogelio Frigerio, que viene del desarrollismo popular; vemos a Emilio Monz\u00f3, que proviene del peronismo. A nivel provincial es lo mismo, tenemos el caso emblem\u00e1tico del ministro de Gobierno, que es el intendente de San Miguel, Joaqu\u00edn de la Torre, peronista que proviene del Frente Renovador. (\u2026) Por eso que nos hayan incitado a participar nos parece muy importante porque las ideas peronistas pueden funcionar muy bien en Tres de Febrero con la Mesa Cambiemos.<\/p>\n<p><strong>En ese acto, el intendente tuvo palabras de optimismo vinculadas con los resultados de las elecciones. \u00bfTiene una percepci\u00f3n parecida?<\/strong><\/p>\n<p>S\u00ed, por supuesto, somos muy optimistas. Nos basamos en la excelente gesti\u00f3n que est\u00e1 haciendo Diego Valenzuela. No nos olvidemos que hace muy poco que asumi\u00f3 y en este a\u00f1o y pico que lleva de mandato el cambio es visible para todo el mundo. Es visible desde la seguridad, con lo pol\u00e9mico que es este tema, vemos los patrulleros, los controles, la cantidad de personal policial en la calle. Vemos como se trabaja el espacio p\u00fabico, que muchos deval\u00faan esta idea, pero el espacio p\u00fablico es vital para la gente. Las obras de bacheo son permanentes. Toda la zona de la Ruta 8 con el Metrobus que est\u00e1 cambiando radicalmente el norte del distrito. Las obras programadas para Barrio Ej\u00e9rcito de los Andes, Barrio Derqui, y ya est\u00e1 el obrador en Paseo Granaderos, en uno de los ingresos al distrito.<\/p>\n<p><strong>\u00bfCree que la gente pone en un mismo plano lo que es el gobierno local con el provincial y nacional? \u00bfTiene la misma opini\u00f3n de estas tres gestiones?<\/strong><\/p>\n<p>Creo que hace rato la gente diferencia los distintos planos. En esta oportunidad se da que es un proceso que se fue profundizando con el paso del tiempo cuando la gente comienza a ver con distintos ojos lo que es el municipio de lo que es la provincia de lo que es la Naci\u00f3n. De hecho, tuvimos resultados muy at\u00edpicos en muchos lugares. Y nos remontamos a gobiernos como el de Mor\u00f3n, cuando Sabbatella gan\u00f3 elecciones cortando boleta el solo. Joaqu\u00edn de la Torre perdi\u00f3 las primarias en San Miguel y gan\u00f3 las generales, record\u00e9moslo. Lo cual signific\u00f3 que muchos vecinos votaron a Scioli en la general y en su barrio a de la Torre. Hay un mont\u00f3n de casos de este tipo. Y el triunfo de Mar\u00eda Eugenia Vidal, tenemos que recordar eso, en Provincia fue un triunfo muy amplio. M\u00e1s tomando en cuenta los valores que sac\u00f3 Macri en esa elecci\u00f3n.<\/p>\n<p><strong>Cuando hacen los timbreos de Cambiemos, los vecinos tienen una disposici\u00f3n cuando se habla del intendente y cambia cuando se menciona al gobierno nacional.<\/strong><\/p>\n<p>Es l\u00f3gico, porque los cambios de orden local son los que el vecino ve inmediatamente. A nivel nacional los cambios tardan en verse, y eso hace que el ciudadano en este sentido sea m\u00e1s reacio a dar un apoyo al gobierno nacional. Esto me parece l\u00f3gico, m\u00e1s all\u00e1 de la percepci\u00f3n de Mauricio Macri, que no se caracteriza por ser un hombre carism\u00e1tico, independientemente que sea o no una buena gesti\u00f3n. Mar\u00eda Eugenia Vidal y Diego Valenzuela son muy carism\u00e1ticos. Insisto, eso a nivel local sos vecino y ves la obra directamente. A nivel nacional acord\u00e9monos que venimos haciendo ajustes de tarifas, recordemos el pa\u00eds que nos dej\u00f3 Cristina. Entonces es l\u00f3gico que todav\u00eda la gente no pueda percibir esos beneficios.<\/p>\n<p><strong>Randazzo se reuni\u00f3 con Pichetto hace pocos d\u00edas y hablaron de la renovaci\u00f3n generacional. \u00bfC\u00f3mo ve hoy al peronismo?<\/strong><\/p>\n<p>El peronismo est\u00e1 dividido en tres sectores, claramente definidos. El sector PJ\/FpV, que es el cual hablas vos, el peronismo Frente Renovador, el cual encabeza Sergio Massa, y despu\u00e9s hay un sector importante del peronismo en el cual me encuentro yo, y es el peronismo que est\u00e1 en Cambiemos. Ese es el primer diagn\u00f3stico, un peronismo partido entre pedazos, que es fruto de la d\u00e9cada kirchnerista. M\u00e1s precisamente, los ocho a\u00f1os del cristinismo. Y por otro lado, dentro del PJ\/FpV la sensaci\u00f3n que da es que lo dominante es el cristinismo. Uno ve que el grupo Esmeralda se est\u00e1 desinflando, lamentablemente, porque la verdad que uno ve\u00eda esos intendentes j\u00f3venes como Katopodis, como Insaurralde. La sensaci\u00f3n es que el peronismo dif\u00edcilmente vuelva a ser moderno de la mano de Cristina Kirchner. Si queremos usar un par\u00e1metro hist\u00f3rico es como si hubi\u00e9semos pretendido en el a\u00f1o 85, despu\u00e9s de la derrota del 83, que Herminio Iglesias fuese quien renovara el partido.<\/p>\n<p><strong>Tienen que hacer autocr\u00edtica y una planificaci\u00f3n a futuro de la mano de darles lugar a nuevos dirigentes\u2026<\/strong><\/p>\n<p>Lamentablemente, esto no se ve que est\u00e9 pasando. Y por otro lado, las renovaciones no se dan porque alguien ceda gentilmente su espacio de poder. Por lo general se produce mediante movimientos dial\u00e9cticos, contradictorios, muchas veces con enfrentamientos. Ahora, conciliar este kirchnerismo mayoritario con el primer sector que nombr\u00e9, y pretender que se la corra a Cristina Kirchner, a An\u00edbal Fern\u00e1ndez, a Mart\u00edn Sabbatella, que han sido los mariscales de la derrota del peronismo, no es una salida.<\/p>\n<p><strong>Este viernes sesionan, \u00bfqu\u00e9 temas van a tratar?<\/strong><\/p>\n<p>Lo m\u00e1s importante que tenemos es que llega un subsidio de Naci\u00f3n para hacer el Paseo de los Granaderos. Estuvimos trabajando la semana pasada con el subsidio de 332 millones de pesos que llegan para el barrio Ejercito de los Andes. Es una noticia muy buena, porque es la entrada al distrito, un lugar que est\u00e1 muy inseguro; adem\u00e1s de la parquizaci\u00f3n, se va a establecer un puesto policial muy importante. Y con respecto a Ejercito de los Andes, trata de darles una vida digna a los vecinos de Fuerte Apache, en su mayor\u00eda gente trabajadora. Una remodelaci\u00f3n integral del barrio, cloacas nuevas, una obra que va a demandar dos a\u00f1os. Estos 341 millones que van a ser un primer tramo. Va a haber m\u00e1s dinero para que el vecino recupere la dignidad perdida en estos \u00faltimos a\u00f1os.<\/p>\n","protected":false},"excerpt":{"rendered":"<p>D\u00edas despu\u00e9s de la presentaci\u00f3n de la Mesa local del Cambiemos, espacio que en Tres de Febrero suma actores que van m\u00e1s all\u00e1 del acuerdo frentista original, como los concejales Susana Berisso y Ra\u00fal Mazzeo, el edil del bloque Arturo Jauretche explic\u00f3 esta estrategia pol\u00edtica en el programa La Data (martes y jueves, a las [&hellip;]<\/p>\n","protected":false},"author":1,"featured_media":7210,"comment_status":"closed","ping_status":"open","sticky":false,"template":"","format":"standard","meta":{"footnotes":""},"categories":[20,48,26],"tags":[],"class_list":{"0":"post-7209","1":"post","2":"type-post","3":"status-publish","4":"format-standard","5":"has-post-thumbnail","7":"category-municipios","8":"category-politica-argentina","9":"category-tres-de-febrero"},"aioseo_notices":[],"_links":{"self":[{"href":"https:\/\/guiadenoticias.com.ar\/diario\/wp-json\/wp\/v2\/posts\/7209","targetHints":{"allow":["GET"]}}],"collection":[{"href":"https:\/\/guiadenoticias.com.ar\/diario\/wp-json\/wp\/v2\/posts"}],"about":[{"href":"https:\/\/guiadenoticias.com.ar\/diario\/wp-json\/wp\/v2\/types\/post"}],"author":[{"embeddable":true,"href":"https:\/\/guiadenoticias.com.ar\/diario\/wp-json\/wp\/v2\/users\/1"}],"replies":[{"embeddable":true,"href":"https:\/\/guiadenoticias.com.ar\/diario\/wp-json\/wp\/v2\/comments?post=7209"}],"version-history":[{"count":4,"href":"https:\/\/guiadenoticias.com.ar\/diario\/wp-json\/wp\/v2\/posts\/7209\/revisions"}],"predecessor-version":[{"id":7214,"href":"https:\/\/guiadenoticias.com.ar\/diario\/wp-json\/wp\/v2\/posts\/7209\/revisions\/7214"}],"wp:featuredmedia":[{"embeddable":true,"href":"https:\/\/guiadenoticias.com.ar\/diario\/wp-json\/wp\/v2\/media\/7210"}],"wp:attachment":[{"href":"https:\/\/guiadenoticias.com.ar\/diario\/wp-json\/wp\/v2\/media?parent=7209"}],"wp:term":[{"taxonomy":"category","embeddable":true,"href":"https:\/\/guiadenoticias.com.ar\/diario\/wp-json\/wp\/v2\/categories?post=7209"},{"taxonomy":"post_tag","embeddable":true,"href":"https:\/\/guiadenoticias.com.ar\/diario\/wp-json\/wp\/v2\/tags?post=7209"}],"curies":[{"name":"wp","href":"https:\/\/api.w.org\/{rel}","templated":true}]}}