{"id":723,"date":"2016-02-16T01:25:35","date_gmt":"2016-02-16T01:25:35","guid":{"rendered":"http:\/\/guiadenoticias.com.ar\/diario\/?p=723"},"modified":"2016-02-16T01:25:50","modified_gmt":"2016-02-16T01:25:50","slug":"intendentes-le-pidieron-al-gobierno-una-nueva-ley-de-coparticipacion","status":"publish","type":"post","link":"https:\/\/guiadenoticias.com.ar\/diario\/intendentes-le-pidieron-al-gobierno-una-nueva-ley-de-coparticipacion\/","title":{"rendered":"Intendentes le pidieron al Gobierno una nueva ley de coparticipaci\u00f3n"},"content":{"rendered":"<p>El ministro del Interior, Rogelio Frigerio, recibi\u00f3 en Casa Rosada a intendentes peronistas de la provincia de Buenos Aires encabezados por Mart\u00edn Insaurralde (Lomas de Zamora) y Gabriel Katopodis (San Mart\u00edn). All\u00ed, le pidieron por una nueva ley de coparticipaci\u00f3n para que los municipios \u00abrecuperen lo que se fue perdiendo a lo largo de los a\u00f1os\u00bb en materia de fondos y obras paralizadas.<\/p>\n<p>\u00abSe plante\u00f3 el tema de los fondos coparticipables, que se viene desacelerando a\u00f1o tras a\u00f1o. Se abrieron canales de di\u00e1logo y se entreg\u00f3 una propuesta\u00bb, indic\u00f3 Insaurralde. Y agreg\u00f3 que se encontr\u00f3 \u00abcon una predisposici\u00f3n muy importante\u00bb por parte del Gobierno.<\/p>\n<p>Por su parte, Katopodis record\u00f3 que \u00abhay un fallo de la Corte Suprema que insta a una nueva ley de coparticipaci\u00f3n\u00bb, e insisti\u00f3 en \u00abpoder recuperar lo que se fue perdiendo a lo largo de los a\u00f1os\u00bb.<\/p>\n<p>Adem\u00e1s de Insaurralde y Katopodis, estuvieron presentes los intendentes Ver\u00f3nica Magario (La Matanza), Mariano Cascallares (Almirante Brown), Fernando Grey (Esteban Echeverr\u00eda), Juan Zabaleta (Hurlingham), y Gustavo Men\u00e9ndez (Merlo).<\/p>\n<p>Tambi\u00e9n Juan Pablo de Jes\u00fas (Partido de la Costa), Ariel Sujarchuk (Escobar), Alberto Descalzo (Ituzaing\u00f3), Leonardo Nardini (Malvinas Argentinas), Eduardo Bucca (Bol\u00edvar) y Julio Pereyra (Florencio Varela).<\/p>\n","protected":false},"excerpt":{"rendered":"<p>El ministro del Interior, Rogelio Frigerio, recibi\u00f3 en Casa Rosada a intendentes peronistas de la provincia de Buenos Aires encabezados por Mart\u00edn Insaurralde (Lomas de Zamora) y Gabriel Katopodis (San Mart\u00edn). All\u00ed, le pidieron por una nueva ley de coparticipaci\u00f3n para que los municipios \u00abrecuperen lo que se fue perdiendo a lo largo de los [&hellip;]<\/p>\n","protected":false},"author":1,"featured_media":724,"comment_status":"closed","ping_status":"open","sticky":false,"template":"","format":"standard","meta":{"footnotes":""},"categories":[20,48],"tags":[],"class_list":{"0":"post-723","1":"post","2":"type-post","3":"status-publish","4":"format-standard","5":"has-post-thumbnail","7":"category-municipios","8":"category-politica-argentina"},"aioseo_notices":[],"_links":{"self":[{"href":"https:\/\/guiadenoticias.com.ar\/diario\/wp-json\/wp\/v2\/posts\/723","targetHints":{"allow":["GET"]}}],"collection":[{"href":"https:\/\/guiadenoticias.com.ar\/diario\/wp-json\/wp\/v2\/posts"}],"about":[{"href":"https:\/\/guiadenoticias.com.ar\/diario\/wp-json\/wp\/v2\/types\/post"}],"author":[{"embeddable":true,"href":"https:\/\/guiadenoticias.com.ar\/diario\/wp-json\/wp\/v2\/users\/1"}],"replies":[{"embeddable":true,"href":"https:\/\/guiadenoticias.com.ar\/diario\/wp-json\/wp\/v2\/comments?post=723"}],"version-history":[{"count":1,"href":"https:\/\/guiadenoticias.com.ar\/diario\/wp-json\/wp\/v2\/posts\/723\/revisions"}],"predecessor-version":[{"id":725,"href":"https:\/\/guiadenoticias.com.ar\/diario\/wp-json\/wp\/v2\/posts\/723\/revisions\/725"}],"wp:featuredmedia":[{"embeddable":true,"href":"https:\/\/guiadenoticias.com.ar\/diario\/wp-json\/wp\/v2\/media\/724"}],"wp:attachment":[{"href":"https:\/\/guiadenoticias.com.ar\/diario\/wp-json\/wp\/v2\/media?parent=723"}],"wp:term":[{"taxonomy":"category","embeddable":true,"href":"https:\/\/guiadenoticias.com.ar\/diario\/wp-json\/wp\/v2\/categories?post=723"},{"taxonomy":"post_tag","embeddable":true,"href":"https:\/\/guiadenoticias.com.ar\/diario\/wp-json\/wp\/v2\/tags?post=723"}],"curies":[{"name":"wp","href":"https:\/\/api.w.org\/{rel}","templated":true}]}}