{"id":742,"date":"2016-02-17T01:21:17","date_gmt":"2016-02-17T04:21:17","guid":{"rendered":"http:\/\/guiadenoticias.com.ar\/diario\/?p=742"},"modified":"2016-02-17T01:21:33","modified_gmt":"2016-02-17T04:21:33","slug":"arguello-macri-solo-tomo-medidas-para-sus-amigos","status":"publish","type":"post","link":"https:\/\/guiadenoticias.com.ar\/diario\/arguello-macri-solo-tomo-medidas-para-sus-amigos\/","title":{"rendered":"Arguello: \u201cMacri s\u00f3lo tom\u00f3 medidas para sus amigos\u201d"},"content":{"rendered":"<p>El secretario de Camioneros Tres de Febrero y San Mart\u00edn, Octavio Arguello, es un dirigente leal a los lineamientos definidos por Hugo Moyano, aunque sus declaraciones son a veces m\u00e1s jugadas. No disimula su disgusto con las medidas tomadas hasta ahora por el Gobierno, por eso apuesta al fortalecimiento del sector gremial.<\/p>\n<p>Anticipa sobre las paritarias: \u201cLas conversaciones tienen que arrancar con una cifra que empiece con el n\u00famero 3, el ajuste y el golpe inflacionario fue muy fuerte. Hoy se habla de un 35 por ciento anual de inflaci\u00f3n\u201d.<\/p>\n<p>\u00bfCree que el Gobierno quiere ponerle un techo a la discusi\u00f3n salarial?<\/p>\n<p>Tir\u00f3 varias se\u00f1ales, aunque despu\u00e9s lo niegue. Nos piden que los gremios seamos responsables, porqu\u00e9 no le pidan que sean responsables los grupos econ\u00f3micos, el campo. En sesenta d\u00edas, Macri s\u00f3lo tom\u00f3 medidas para sus amigos y el trabajador nada, bastantes responsables estamos siendo. Pero, veo bien lo que se habla del impuesto a la ganancia, universalizar la asignaci\u00f3n familiar.<\/p>\n<p>\u00bfLe preocupa que la presi\u00f3n de las paritarias ceda ante el riesgo de la p\u00e9rdida del trabajo?<\/p>\n<p>Eso tiene aroma a los \u201990, que se hab\u00eda inventado el retiro voluntario, asustaban a los trabajadores. Si el objetivo del Gobierno es bajar la inflaci\u00f3n a trav\u00e9s de enfriar el consumo, que no haya trabajo, no estoy de acuerdo.<\/p>\n<p>\u00bfC\u00f3mo cataloga el per\u00edodo actual?<\/p>\n<p>Comparto pocas cosas con Cal\u00f3, pero estoy de acuerdo con lo que dijo que hay que darle un mimo al trabajador. Espero que el Gobierno tenga contemplado c\u00f3mo va a solucionar a partir de marzo esta situaci\u00f3n. Hasta ahora es una inc\u00f3gnita. Utiliz\u00f3 los decretos para solucionar los problemas de sus amigos.<\/p>\n<p>\u00bfVe posible la unificaci\u00f3n de la CGT?<\/p>\n<p>S\u00ed, yo lo plantee antes de las elecciones. Bregu\u00e9 siempre por una CGT unificada. Tambi\u00e9n siempre fui claro que tiene que haber una unidad que no sea amontonamiento. Hay que discutir el proceso pol\u00edtico a futuro; sobre todo con un gobierno que tiene una tendencia neoliberal.<\/p>\n<p>\u00bfTiene sentido la discusi\u00f3n por recuperar el sello del PJ?<\/p>\n<p>Tiene que haber una discusi\u00f3n en el peronismo, el PJ es el \u00e1mbito. Ahora, si el PJ va a seguir sirviendo para lo mismo que en estos \u00faltimos a\u00f1os, estar ah\u00ed s\u00f3lo para pelear un cargo, me parece que es in\u00fatil. Algo hicimos mal para perder las elecciones. El que es presidente del PJ no deber\u00eda ser candidato electivo. Peronismo hay en todos lados, hasta en el macrismo.<\/p>\n","protected":false},"excerpt":{"rendered":"<p>El secretario de Camioneros Tres de Febrero y San Mart\u00edn, Octavio Arguello, es un dirigente leal a los lineamientos definidos por Hugo Moyano, aunque sus declaraciones son a veces m\u00e1s jugadas. No disimula su disgusto con las medidas tomadas hasta ahora por el Gobierno, por eso apuesta al fortalecimiento del sector gremial. Anticipa sobre las [&hellip;]<\/p>\n","protected":false},"author":1,"featured_media":746,"comment_status":"closed","ping_status":"open","sticky":false,"template":"","format":"standard","meta":{"footnotes":""},"categories":[49,48],"tags":[],"class_list":{"0":"post-742","1":"post","2":"type-post","3":"status-publish","4":"format-standard","5":"has-post-thumbnail","7":"category-economia-y-gremiales","8":"category-politica-argentina"},"aioseo_notices":[],"_links":{"self":[{"href":"https:\/\/guiadenoticias.com.ar\/diario\/wp-json\/wp\/v2\/posts\/742","targetHints":{"allow":["GET"]}}],"collection":[{"href":"https:\/\/guiadenoticias.com.ar\/diario\/wp-json\/wp\/v2\/posts"}],"about":[{"href":"https:\/\/guiadenoticias.com.ar\/diario\/wp-json\/wp\/v2\/types\/post"}],"author":[{"embeddable":true,"href":"https:\/\/guiadenoticias.com.ar\/diario\/wp-json\/wp\/v2\/users\/1"}],"replies":[{"embeddable":true,"href":"https:\/\/guiadenoticias.com.ar\/diario\/wp-json\/wp\/v2\/comments?post=742"}],"version-history":[{"count":1,"href":"https:\/\/guiadenoticias.com.ar\/diario\/wp-json\/wp\/v2\/posts\/742\/revisions"}],"predecessor-version":[{"id":747,"href":"https:\/\/guiadenoticias.com.ar\/diario\/wp-json\/wp\/v2\/posts\/742\/revisions\/747"}],"wp:featuredmedia":[{"embeddable":true,"href":"https:\/\/guiadenoticias.com.ar\/diario\/wp-json\/wp\/v2\/media\/746"}],"wp:attachment":[{"href":"https:\/\/guiadenoticias.com.ar\/diario\/wp-json\/wp\/v2\/media?parent=742"}],"wp:term":[{"taxonomy":"category","embeddable":true,"href":"https:\/\/guiadenoticias.com.ar\/diario\/wp-json\/wp\/v2\/categories?post=742"},{"taxonomy":"post_tag","embeddable":true,"href":"https:\/\/guiadenoticias.com.ar\/diario\/wp-json\/wp\/v2\/tags?post=742"}],"curies":[{"name":"wp","href":"https:\/\/api.w.org\/{rel}","templated":true}]}}