{"id":758,"date":"2016-02-17T21:19:07","date_gmt":"2016-02-18T00:19:07","guid":{"rendered":"http:\/\/guiadenoticias.com.ar\/diario\/?p=758"},"modified":"2016-02-17T21:19:35","modified_gmt":"2016-02-18T00:19:35","slug":"reunion-del-massismo-de-la-primera-seccion","status":"publish","type":"post","link":"https:\/\/guiadenoticias.com.ar\/diario\/reunion-del-massismo-de-la-primera-seccion\/","title":{"rendered":"Reuni\u00f3n del massismo de la Primera Secci\u00f3n"},"content":{"rendered":"<p>El diputado nacional Sergio Massa encabez\u00f3 un plenario de la fuerza con presencia de jefes comunales, diputados nacionales y provinciales, concejales y cerca de 200 referentes de la Primera Secci\u00f3n. Armar una agenda com\u00fan de proyectos que sirvan a los municipios fue la prioridad. Luis Andreotti, intendente anfitri\u00f3n, sintetiz\u00f3 tras la reuni\u00f3n: \u00abTenemos el papel de colaborar y defender nuestras banderas en el marco del di\u00e1logo\u00bb.<\/p>\n<p>Entre quienes asistieron se encontraron y tuvieron la palabra el intendente Andreotti, junto a sus pares Joaqu\u00edn De la Torre (San Miguel), Julio Zamora (Tigre) y Javier Osuna (Las Heras); el ex jefe comunal Luis Acu\u00f1a (Hurlingham); los diputados Cecilia Moreau y Horacio Alonso; los diputados bonaerenses Juan Andreotti, Juan Amondarain y Carlos Acu\u00f1a; concejales y otros dirigentes y autoridades de los 24 distritos que componen la regi\u00f3n.<\/p>\n<p>Al finalizar el encuentro, Andreotti coment\u00f3: \u00abCharlamos sobre cu\u00e1l es el rol que nos toca en esta etapa de la Argentina, y es que nosotros tenemos el papel de colaborar, presentar nuestros proyectos y defender nuestras banderas en el marco del di\u00e1logo, como exigir el 82% m\u00f3vil para los jubilados, quitarles el IVA a productos alimenticios para quienes m\u00e1s lo necesitan o eliminar el Impuesto a las Ganancias\u00bb.<\/p>\n<p>Respecto al escenario provincial, que engloba pol\u00edticamente gran parte de los conflictos cotidianos de los municipios, se\u00f1al\u00f3 que la agenda de proyectos contemplar\u00e1 resolver problemas como \u00abla administraci\u00f3n de las costas, el impuesto a las embarcaciones, tener mayores ingresos de acuerdo a los servicios que prestamos, que lleguen y se ejecuten los planes sociales, y funciones b\u00e1sicas como educaci\u00f3n, salud, justicia, seguridad e hidr\u00e1ulica\u00bb.<\/p>\n","protected":false},"excerpt":{"rendered":"<p>El diputado nacional Sergio Massa encabez\u00f3 un plenario de la fuerza con presencia de jefes comunales, diputados nacionales y provinciales, concejales y cerca de 200 referentes de la Primera Secci\u00f3n. Armar una agenda com\u00fan de proyectos que sirvan a los municipios fue la prioridad. Luis Andreotti, intendente anfitri\u00f3n, sintetiz\u00f3 tras la reuni\u00f3n: \u00abTenemos el papel [&hellip;]<\/p>\n","protected":false},"author":1,"featured_media":759,"comment_status":"closed","ping_status":"open","sticky":false,"template":"","format":"standard","meta":{"footnotes":""},"categories":[48,31,22],"tags":[],"class_list":{"0":"post-758","1":"post","2":"type-post","3":"status-publish","4":"format-standard","5":"has-post-thumbnail","7":"category-politica-argentina","8":"category-provincia","9":"category-san-fernando"},"aioseo_notices":[],"_links":{"self":[{"href":"https:\/\/guiadenoticias.com.ar\/diario\/wp-json\/wp\/v2\/posts\/758","targetHints":{"allow":["GET"]}}],"collection":[{"href":"https:\/\/guiadenoticias.com.ar\/diario\/wp-json\/wp\/v2\/posts"}],"about":[{"href":"https:\/\/guiadenoticias.com.ar\/diario\/wp-json\/wp\/v2\/types\/post"}],"author":[{"embeddable":true,"href":"https:\/\/guiadenoticias.com.ar\/diario\/wp-json\/wp\/v2\/users\/1"}],"replies":[{"embeddable":true,"href":"https:\/\/guiadenoticias.com.ar\/diario\/wp-json\/wp\/v2\/comments?post=758"}],"version-history":[{"count":1,"href":"https:\/\/guiadenoticias.com.ar\/diario\/wp-json\/wp\/v2\/posts\/758\/revisions"}],"predecessor-version":[{"id":760,"href":"https:\/\/guiadenoticias.com.ar\/diario\/wp-json\/wp\/v2\/posts\/758\/revisions\/760"}],"wp:featuredmedia":[{"embeddable":true,"href":"https:\/\/guiadenoticias.com.ar\/diario\/wp-json\/wp\/v2\/media\/759"}],"wp:attachment":[{"href":"https:\/\/guiadenoticias.com.ar\/diario\/wp-json\/wp\/v2\/media?parent=758"}],"wp:term":[{"taxonomy":"category","embeddable":true,"href":"https:\/\/guiadenoticias.com.ar\/diario\/wp-json\/wp\/v2\/categories?post=758"},{"taxonomy":"post_tag","embeddable":true,"href":"https:\/\/guiadenoticias.com.ar\/diario\/wp-json\/wp\/v2\/tags?post=758"}],"curies":[{"name":"wp","href":"https:\/\/api.w.org\/{rel}","templated":true}]}}