{"id":761,"date":"2016-02-17T21:36:36","date_gmt":"2016-02-18T00:36:36","guid":{"rendered":"http:\/\/guiadenoticias.com.ar\/diario\/?p=761"},"modified":"2016-02-17T21:36:56","modified_gmt":"2016-02-18T00:36:56","slug":"camino-al-primer-foro-de-intendentes-bonaerenses-de-cambiemos","status":"publish","type":"post","link":"https:\/\/guiadenoticias.com.ar\/diario\/camino-al-primer-foro-de-intendentes-bonaerenses-de-cambiemos\/","title":{"rendered":"Camino al primer Foro de Intendentes bonaerenses de Cambiemos"},"content":{"rendered":"<p>Con un acto realizado en el Club Lan\u00fas, Jorge Macri, intendente de Vicente L\u00f3pez, y N\u00e9stor Grindetti, de Lan\u00fas, convocaron al primer Foro de Intendentes del PRO de la Provincia, un espacio que nuclea a todos los jefes comunales macristas que forman parte del Frente Cambiemos.<\/p>\n<p>\u00abEl principal objetivo de esta reuni\u00f3n es compartir nuestras experiencias de gesti\u00f3n para potenciar nuestro trabajo diario. La gente nos pide soluciones concretas a sus preocupaciones de todos los d\u00edas y tenemos que aprovechar los recursos de la mejor manera posible para d\u00e1rselas en tiempo y forma. Estos encuentros ayudan much\u00edsimo en ese sentido\u201d, se\u00f1al\u00f3 Jorge Macri.<\/p>\n<p>Agreg\u00f3 que tambi\u00e9n es importante \u00abmantener un \u00e1mbito de interacci\u00f3n pol\u00edtica para seguir creciendo y consolid\u00e1ndonos como frente, dado que somos la fuerza pol\u00edtica con m\u00e1s intendentes de Buenos Aires\u00bb.<\/p>\n<p>Como resultado de la reuni\u00f3n se acord\u00f3 conformar una mesa ejecutiva integrada por Macri, N\u00e9stor Grindetti y Ramiro Tagliaferro, de Mor\u00f3n, para trabajar junto a los radicales en la conformaci\u00f3n del Foro de Intendentes del Frente Cambiemos, que ser\u00e1 presentado en marzo, en Vicente L\u00f3pez.<\/p>\n","protected":false},"excerpt":{"rendered":"<p>Con un acto realizado en el Club Lan\u00fas, Jorge Macri, intendente de Vicente L\u00f3pez, y N\u00e9stor Grindetti, de Lan\u00fas, convocaron al primer Foro de Intendentes del PRO de la Provincia, un espacio que nuclea a todos los jefes comunales macristas que forman parte del Frente Cambiemos. \u00abEl principal objetivo de esta reuni\u00f3n es compartir nuestras [&hellip;]<\/p>\n","protected":false},"author":1,"featured_media":762,"comment_status":"closed","ping_status":"open","sticky":false,"template":"","format":"standard","meta":{"footnotes":""},"categories":[20,48,31],"tags":[],"class_list":{"0":"post-761","1":"post","2":"type-post","3":"status-publish","4":"format-standard","5":"has-post-thumbnail","7":"category-municipios","8":"category-politica-argentina","9":"category-provincia"},"aioseo_notices":[],"_links":{"self":[{"href":"https:\/\/guiadenoticias.com.ar\/diario\/wp-json\/wp\/v2\/posts\/761","targetHints":{"allow":["GET"]}}],"collection":[{"href":"https:\/\/guiadenoticias.com.ar\/diario\/wp-json\/wp\/v2\/posts"}],"about":[{"href":"https:\/\/guiadenoticias.com.ar\/diario\/wp-json\/wp\/v2\/types\/post"}],"author":[{"embeddable":true,"href":"https:\/\/guiadenoticias.com.ar\/diario\/wp-json\/wp\/v2\/users\/1"}],"replies":[{"embeddable":true,"href":"https:\/\/guiadenoticias.com.ar\/diario\/wp-json\/wp\/v2\/comments?post=761"}],"version-history":[{"count":1,"href":"https:\/\/guiadenoticias.com.ar\/diario\/wp-json\/wp\/v2\/posts\/761\/revisions"}],"predecessor-version":[{"id":763,"href":"https:\/\/guiadenoticias.com.ar\/diario\/wp-json\/wp\/v2\/posts\/761\/revisions\/763"}],"wp:featuredmedia":[{"embeddable":true,"href":"https:\/\/guiadenoticias.com.ar\/diario\/wp-json\/wp\/v2\/media\/762"}],"wp:attachment":[{"href":"https:\/\/guiadenoticias.com.ar\/diario\/wp-json\/wp\/v2\/media?parent=761"}],"wp:term":[{"taxonomy":"category","embeddable":true,"href":"https:\/\/guiadenoticias.com.ar\/diario\/wp-json\/wp\/v2\/categories?post=761"},{"taxonomy":"post_tag","embeddable":true,"href":"https:\/\/guiadenoticias.com.ar\/diario\/wp-json\/wp\/v2\/tags?post=761"}],"curies":[{"name":"wp","href":"https:\/\/api.w.org\/{rel}","templated":true}]}}