{"id":7714,"date":"2017-06-05T17:11:38","date_gmt":"2017-06-05T20:11:38","guid":{"rendered":"http:\/\/guiadenoticias.com.ar\/diario\/?p=7714"},"modified":"2017-06-06T00:59:44","modified_gmt":"2017-06-06T03:59:44","slug":"victorio-pirillo-no-hay-peronismo-en-la-dirigencia-del-pj","status":"publish","type":"post","link":"https:\/\/guiadenoticias.com.ar\/diario\/victorio-pirillo-no-hay-peronismo-en-la-dirigencia-del-pj\/","title":{"rendered":"Victorio Pirillo: \u00abNo hay peronismo en la dirigencia del PJ\u00bb"},"content":{"rendered":"<p>Rodeado de fotos de Evita y Jos\u00e9 Ignacio Rucci, y cuadros de Rosas y Facundo Quiroga, Victorio Pirillo recibi\u00f3 a Gu\u00eda de Noticias en su despacho. Es abogado, pero su principal actividad desde 1989 es encabezar el Sindicato de Trabajadores Municipales de Vicente L\u00f3pez (STMVL).<\/p>\n<p>Con extracci\u00f3n peronista, milit\u00f3 en el Centro de Estudiantes del Colegio Nacional de Vicente L\u00f3pez en los \u201870 &#8211; de esa \u00e9poca rescata la figura de Pablo Fern\u00e1ndez Meijide -, pero no se identifica con ninguno de los espacios partidarios en que se divide actualmente el justicialismo. M\u00e1s aun, tiene una mirada cr\u00edtica de las diferentes conducciones y pide una renovaci\u00f3n generacional. Concentrado en su tarea gremial, logr\u00f3 en mayo un acuerdo salarial que perfor\u00f3 el techo propuesto por el oficialismo. El aumento es de 24% al b\u00e1sico y sin cl\u00e1usulas de productividad y de presentismo, pretensiones que tanto el STMVL y ATE rechazaban.<\/p>\n<p><strong>\u00bfC\u00f3mo fue la discusi\u00f3n con el gobierno municipal?<\/strong><\/p>\n<p>Muchos se quejan que tienen un Macri, nosotros tenemos dos, uno en la Quinta y otro en la Municipalidad. Se dio un debate que en el fondo es pol\u00edtico, porque aqu\u00ed se bajaba una l\u00ednea, que se ha incluido en casi todos los convenios, que es la de productividad. O el tema de la cl\u00e1usula gatillo, o de no pasar el 19% que firm\u00f3 la mayor\u00eda. Nosotros no lo aceptamos bajo ning\u00fan punto de vista. Mientras la gobernadora Mar\u00eda Eugenia Vidal tiene una ley de emergencia econ\u00f3mica, este municipio se jacta de tener super\u00e1vit. Son dos realidades diferentes.<\/p>\n<p><strong>\u00bfPor qu\u00e9 en Provincia se puso un techo que en el distrito no se justificaba?<\/strong><\/p>\n<p>S\u00ed, pero de todas maneras creo que el techo hay que pon\u00e9rselo a los empresarios y no a los trabajadores. El techo a los trabajadores es tr\u00e1gico e inmoral. Hay que pon\u00e9rselo a los supermercadistas, que son los que distorsionan los precios constantemente.<\/p>\n<p><strong>\u00bfPor qu\u00e9 rechazaron discutir productividad?<\/strong><\/p>\n<p>\u00bfEn los gremios de servicios como se mide eso? Si soy un inhumador del cementerio, \u00bfal haber m\u00e1s muertos me pagan m\u00e1s? En la educaci\u00f3n igual. Hay una trampa en esto. Se dice que el mismo docente tiene un 11% de ausentismo en la escuela p\u00fablica y 1 o 2% en la privada. Es mentira. Cuando falta en la privada le ponen presente para no perder la subvenci\u00f3n.<\/p>\n<p><strong>\u00bfVe consolidado el poder del intendente Jorge Macri?<\/strong><\/p>\n<p>Ven\u00edamos de una intendencia de 24 a\u00f1os, con un estigma de tipo caudillista. Mientras que Macri lleg\u00f3 con una impronta distinta. Si es bueno o malo lo dir\u00e1 el tiempo. No vot\u00e9 al PRO, ni a (Mauricio) Macri ni a (Daniel) Scioli. La sociedad de Vicente L\u00f3pez es conservadora, teme al cambio, pero cuando vio un apellido que ya gobernaba en la Capital, lo vot\u00f3. Si se llamaba Jim\u00e9nez no ganaba, pero Jorge Macri ten\u00eda el h\u00e1ndicap de una gesti\u00f3n en la Ciudad.<\/p>\n<p><strong>\u00bfC\u00f3mo es la relaci\u00f3n con la gesti\u00f3n municipal?<\/strong><\/p>\n<p>En lo institucional no es buena ni mala. Pero s\u00ed es un gobierno que habilita discusiones. Nuestra propuesta de pasar a planta a los mensualizados o contratados, que ten\u00edan hasta 24 a\u00f1os en esa condici\u00f3n, fue escuchada. As\u00ed, con esta gesti\u00f3n desde hace 4 a\u00f1os incorporamos a planta permanente a casi mil trabajadores.<\/p>\n<p><strong>\u00abSE HAN APODERADO DEL PERONISMO\u00bb<\/strong><\/p>\n<p><strong>El peronismo debate ahora qui\u00e9n lo va a liderar sin estar en el poder. \u00bfCree que se juega mucho en estas elecciones?<\/strong><\/p>\n<p>No. Primero porque no hay peronismo. Existe en la base y no en la dirigencia. \u00bfJos\u00e9 Luis Gioja es peronista? Despu\u00e9s de manejar la provincia de San Juan como feudo se tuvo que internar en un hospital porte\u00f1o cuando se accident\u00f3. No fue capaz de crear un hospital de alta complejidad. \u00bfEl se\u00f1or (Daniel) Scioli es peronista? Iba a Francia a tratarse del brazo y a los que ten\u00edan el mismo problema en Provincia los mandaba a los UPA que est\u00e1n hechos de cart\u00f3n. Se apoderaron del peronismo estos se\u00f1ores y otros m\u00e1s que nadie eligi\u00f3. Pero tienen una funci\u00f3n, impedir que los verdaderos peronistas lleguen.<\/p>\n<p><strong>\u00bfLos verdaderos peronistas d\u00f3nde est\u00e1n?<\/strong><\/p>\n<p>No existen m\u00e1s lo tiempos de Per\u00f3n y de Evita, ni la clase obrera de 1945 o la de Agust\u00edn Tosco y su overol.<\/p>\n<p><strong>Entonces, \u00bfa qui\u00e9n representa el triunvirato que encabeza la CGT?<\/strong><\/p>\n<p>Hay una disociaci\u00f3n entre la dirigencia y las bases que es muy clara. Y una crisis de representatividad en todos los \u00f3rdenes, y la dirigencia sindical no est\u00e1 exceptuada. Lo mismo el empresariado argentino. Ni siquiera la izquierda puede representar a alguien.<\/p>\n<p><strong>\u00bfCon qu\u00e9 espacio se identifica m\u00e1s con lo que se arma electoralmente?<\/strong><\/p>\n<p>Siempre fui una persona que no se fij\u00f3 en la ideolog\u00eda del otro. Es m\u00e1s, dentro del Sindicato peleamos por los intereses de los trabajadores y no le imponemos ideolog\u00eda a nadie. Ayudo a todos, si veo que son buenos. A la izquierda, al peronismo, al espacio de (Margarita) Stolbizer tambi\u00e9n. Cuando era joven pensaba que quien no compart\u00eda mis ideas era absolutista, mis ideas o la nada. Y eso est\u00e1 mal. Hay que aprender de los errores.<\/p>\n<p><strong>\u00bfEl peronismo aprende de los errores? \u00bfY el kirchnerismo en especial, que perdi\u00f3 el poder?<\/strong><\/p>\n<p>Si no hubieran tenido errores ser\u00edan gobierno. Pero no veo que el kirchnerismo haga autocr\u00edtica, y encima es responsable de que gobierne Mauricio Macri. Impuls\u00f3 su figura al levantarlo como contrincante.<\/p>\n<p><strong>El sector de Florencio Randazzo dice que hace una autocr\u00edtica. \u00bfSe sentir\u00eda m\u00e1s cercano a este espacio?<\/strong><\/p>\n<p>No s\u00e9 de qu\u00e9 sector se trata, porque los actores son siempre los mismos.<\/p>\n<p><strong>\u00bfNo es lo nuevo del peronismo?<\/strong><\/p>\n<p>No es nuevo Alberto Fern\u00e1ndez. Es lo de siempre que da vueltas por todos lados. Al massismo le pasa lo mismo y al radicalismo tambi\u00e9n. \u00bfD\u00f3nde est\u00e1 la militancia nueva? Esta dirigencia sabe que se tiene que ir, pero no sabe c\u00f3mo hacer para seguir qued\u00e1ndose.<\/p>\n<p><strong>\u00bfEs m\u00e1s apropiado en esta coyuntura que los candidatos se decidan en una PASO o en la mesa de los dirigentes?<\/strong><\/p>\n<p>Depende de las reglas del juego. Pero creo que el com\u00fan de la gente corre con desventaja. Si usted quiere presentarse en una interna contra Cristina (Fern\u00e1ndez) y Randazzo, \u00bfc\u00f3mo hace? El sistema es tramposo, est\u00e1 hecho para que sean electos los de siempre. Y la palabra \u00abcambiemos\u00bb ya fracas\u00f3, porque sigue lo mismo de siempre. El contrato social del que hablaba (Jacques) Rousseau est\u00e1 roto, porque de lo que prometi\u00f3 Mauricio Macri, hizo todo lo contrario. No lo digo yo, lo dice el gran maestro Rousseau.<\/p>\n","protected":false},"excerpt":{"rendered":"<p>Rodeado de fotos de Evita y Jos\u00e9 Ignacio Rucci, y cuadros de Rosas y Facundo Quiroga, Victorio Pirillo recibi\u00f3 a Gu\u00eda de Noticias en su despacho. Es abogado, pero su principal actividad desde 1989 es encabezar el Sindicato de Trabajadores Municipales de Vicente L\u00f3pez (STMVL). Con extracci\u00f3n peronista, milit\u00f3 en el Centro de Estudiantes del [&hellip;]<\/p>\n","protected":false},"author":1,"featured_media":7715,"comment_status":"closed","ping_status":"open","sticky":false,"template":"","format":"standard","meta":{"footnotes":""},"categories":[49,20,48,25],"tags":[],"class_list":{"0":"post-7714","1":"post","2":"type-post","3":"status-publish","4":"format-standard","5":"has-post-thumbnail","7":"category-economia-y-gremiales","8":"category-municipios","9":"category-politica-argentina","10":"category-vicente-lopez"},"aioseo_notices":[],"_links":{"self":[{"href":"https:\/\/guiadenoticias.com.ar\/diario\/wp-json\/wp\/v2\/posts\/7714","targetHints":{"allow":["GET"]}}],"collection":[{"href":"https:\/\/guiadenoticias.com.ar\/diario\/wp-json\/wp\/v2\/posts"}],"about":[{"href":"https:\/\/guiadenoticias.com.ar\/diario\/wp-json\/wp\/v2\/types\/post"}],"author":[{"embeddable":true,"href":"https:\/\/guiadenoticias.com.ar\/diario\/wp-json\/wp\/v2\/users\/1"}],"replies":[{"embeddable":true,"href":"https:\/\/guiadenoticias.com.ar\/diario\/wp-json\/wp\/v2\/comments?post=7714"}],"version-history":[{"count":3,"href":"https:\/\/guiadenoticias.com.ar\/diario\/wp-json\/wp\/v2\/posts\/7714\/revisions"}],"predecessor-version":[{"id":7719,"href":"https:\/\/guiadenoticias.com.ar\/diario\/wp-json\/wp\/v2\/posts\/7714\/revisions\/7719"}],"wp:featuredmedia":[{"embeddable":true,"href":"https:\/\/guiadenoticias.com.ar\/diario\/wp-json\/wp\/v2\/media\/7715"}],"wp:attachment":[{"href":"https:\/\/guiadenoticias.com.ar\/diario\/wp-json\/wp\/v2\/media?parent=7714"}],"wp:term":[{"taxonomy":"category","embeddable":true,"href":"https:\/\/guiadenoticias.com.ar\/diario\/wp-json\/wp\/v2\/categories?post=7714"},{"taxonomy":"post_tag","embeddable":true,"href":"https:\/\/guiadenoticias.com.ar\/diario\/wp-json\/wp\/v2\/tags?post=7714"}],"curies":[{"name":"wp","href":"https:\/\/api.w.org\/{rel}","templated":true}]}}