{"id":7740,"date":"2017-06-08T20:18:20","date_gmt":"2017-06-08T23:18:20","guid":{"rendered":"http:\/\/guiadenoticias.com.ar\/diario\/?p=7740"},"modified":"2017-06-08T20:18:51","modified_gmt":"2017-06-08T23:18:51","slug":"carlos-acuna-la-cgt-nos-tiene-a-todos-juntos","status":"publish","type":"post","link":"https:\/\/guiadenoticias.com.ar\/diario\/carlos-acuna-la-cgt-nos-tiene-a-todos-juntos\/","title":{"rendered":"Carlos Acu\u00f1a: \u00abLa CGT nos tiene a todos juntos\u00bb"},"content":{"rendered":"<p>La Regional Oeste de la CGT, con sede en Mor\u00f3n, sell\u00f3 al igual que la estructura nacional un acuerdo de unidad con una conducci\u00f3n tripartita. La central obrera es conducida desde el 29 de mayo por Carlos Acu\u00f1a (Estaciones de Servicio), Sergio Souto (UOM) y Marcelo Notario (Camioneros).<\/p>\n<p>Acu\u00f1a, hijo del tambi\u00e9n secretario general de la CGT nacional, explic\u00f3 en La Data (Radio MPQuatro, martes y jueves) c\u00f3mo fue el proceso que unific\u00f3 una organizaci\u00f3n que estaba dividida desde los tiempos en que el kirchnerismo gobernaba el pa\u00eds.<\/p>\n<p>\u00abEl acuerdo se sell\u00f3 gracias a un criterio com\u00fan de porqu\u00e9 necesitamos una CGT unificada\u00bb, indic\u00f3. \u00abLa discusi\u00f3n de nombres no fue lo primordial\u00bb, aclar\u00f3.<\/p>\n<p>La normalizaci\u00f3n se dilat\u00f3 ya que a fines de 2016 no hab\u00edan logrado acercar posiciones Acu\u00f1a y Souto, y hasta los medios regionales informaron en ese entonces sobre una posible elecci\u00f3n entre ellos para definir las autoridades. Reci\u00e9n hac\u00eda abril lograron un consenso que conform\u00f3 a todos los sectores.<\/p>\n<p>\u00abHace muchos a\u00f1os que el movimiento obrero viene dividido, y si bien a nivel nacional tenemos una peque\u00f1a disidencia de algunos gremios, a nivel seccional estamos todos juntos\u00bb, destac\u00f3.\u00a0 En la asunci\u00f3n de nuevas autoridades dieron el presente desde los gastron\u00f3micos hasta el ferroviario Sobrero.<\/p>\n<p><strong>\u00bfQu\u00e9 rol debe adoptar la CGT en esta coyuntura econ\u00f3mica?<\/strong><\/p>\n<p>La CGT tiene que ser un sost\u00e9n para los trabajadores en cuanto no perder el salario y el poder adquisitivo, y estar en todas las discusiones pol\u00edticas que repercuten en la vida del trabajador. Referido a la Regional, la comunicaci\u00f3n con cada uno de los municipios en cuanto a las pol\u00edticas municipales, de las secretar\u00edas de Producci\u00f3n y de Trabajo para atender la mirada del Estado y aportar la nuestra tambi\u00e9n.<\/p>\n<p><strong>Durante el \u00faltimo D\u00eda del Trabajador la imagen que mostr\u00f3 el movimiento obrero fue la divisi\u00f3n, con varios actos simult\u00e1neos. \u00bfQu\u00e9 se puede hacer para alcanzar la unidad?<\/strong><\/p>\n<p>La unidad del movimiento obrero no pasa por un acto. La unidad se vio reflejada en el paro del 6 de abril.<\/p>\n<p><strong>\u00bfDice que hay una mirada \u00fanica?<\/strong><\/p>\n<p>No, por supuesto que hay alg\u00fan que otro pe\u00f3n de los patrones que se sirve de alcahuete. Algunos compa\u00f1eros hacen ese papel. M\u00e1s all\u00e1 de ellos hay unidad de los tres sectores m\u00e1s importantes de nuestra econom\u00eda que son los gremios que conduce Hugo Moyano, la Azul y Blanca y el que conduce Antonio Cal\u00f3. Esos son los que llevaron adelante la medida de fuerza\u00a0 y llevan el reclamo de la clase trabajadora. Los otros son los que aplauden al gobierno.<\/p>\n<p><strong>\u00bfQu\u00e9 n\u00fameros cerraron en las paritarias de trabajadores de estaciones de servicio?<\/strong><\/p>\n<p>Con algunas c\u00e1maras ya firmamos acuerdos hasta agosto con un 20% de aumento. Luego nos sentaremos y analizaremos c\u00f3mo es la inflaci\u00f3n para una nueva recomposici\u00f3n a partir de octubre. Y a partir de enero puede haber otra, ya que vivimos en un pa\u00eds con inflaci\u00f3n. Ser\u00eda un 10% en junio, 10% en agosto y a partir de octubre se vuelve a rediscutir.<\/p>\n<p><strong>INTERNAS: \u00bfMASSISMO VS.PROGRESISMO?<\/strong><\/p>\n<p>Por otro lado, Carlos Acu\u00f1a tambi\u00e9n ejerce el cargo de concejal por el Frente Renovador en Ituzaing\u00f3, donde es, adem\u00e1s, el presidente del bloque. Debido al frente electoral cerrado entre Sergio Massa y Margarita Stolbizer debe conciliar su inter\u00e9s de renovar banca con los de\u00a0 su propia fuerza y los de sus nuevos aliados del Gen, Libres del Sur y el Partido Socialista.<\/p>\n<p><strong>\u00bfC\u00f3mo viene el di\u00e1logo entre tantos sectores?<\/strong><\/p>\n<p>Si bien el Frente Renovador tiene arraigo peronista cada distrito es un mundo. Legislativamente nos hemos llevado bien con los compa\u00f1eros que son de Libres del Sur y el socialismo. Pero si hay posiciones que no se pueden llegar a acomodar no veo mal que haya que dirimir en una interna. Ya lo hicimos en 2015. Pero, la idea principal del FR, de su comando de campa\u00f1a, es agotar todas las instancias de unidad para ir todos juntos a una primaria.<\/p>\n<p><strong>Para una lista de unidad hay demasiados nombres que puedan ser contenidos en una sola boleta.<\/strong><\/p>\n<p>S\u00ed, es arduo pero es sano que haya varios actores queriendo ser protagonistas, porque esto le da m\u00e1s visi\u00f3n al espacio, m\u00e1s contexto, con lo cual se debate mucho m\u00e1s.<\/p>\n<p><strong>\u00abBAJEMOS LOS PRECIOS\u00bb<\/strong><\/p>\n<p>Uno de los caballitos de batalla del acuerdo Massa-Stolbizer es el plan \u00abBajemos los precios\u00bb, que recolect\u00f3 ya m\u00e1s de un mill\u00f3n de firmas. Acu\u00f1a destac\u00f3 que se trata de \u00abque se quite el IVA a la canasta b\u00e1sica, pedimos que se trate en el Congreso Nacional y que el Gobierno vea que esto es muy importante para la gente. Estamos hablando del 20% de la canasta b\u00e1sica. Casi todo lo que gana una persona humilde se va en el supermercado, en los productos de la canasta b\u00e1sica\u00bb.<\/p>\n","protected":false},"excerpt":{"rendered":"<p>La Regional Oeste de la CGT, con sede en Mor\u00f3n, sell\u00f3 al igual que la estructura nacional un acuerdo de unidad con una conducci\u00f3n tripartita. La central obrera es conducida desde el 29 de mayo por Carlos Acu\u00f1a (Estaciones de Servicio), Sergio Souto (UOM) y Marcelo Notario (Camioneros). Acu\u00f1a, hijo del tambi\u00e9n secretario general de [&hellip;]<\/p>\n","protected":false},"author":1,"featured_media":7741,"comment_status":"closed","ping_status":"open","sticky":false,"template":"","format":"standard","meta":{"footnotes":""},"categories":[49,29,20,48],"tags":[],"class_list":{"0":"post-7740","1":"post","2":"type-post","3":"status-publish","4":"format-standard","5":"has-post-thumbnail","7":"category-economia-y-gremiales","8":"category-ituzaingo","9":"category-municipios","10":"category-politica-argentina"},"aioseo_notices":[],"_links":{"self":[{"href":"https:\/\/guiadenoticias.com.ar\/diario\/wp-json\/wp\/v2\/posts\/7740","targetHints":{"allow":["GET"]}}],"collection":[{"href":"https:\/\/guiadenoticias.com.ar\/diario\/wp-json\/wp\/v2\/posts"}],"about":[{"href":"https:\/\/guiadenoticias.com.ar\/diario\/wp-json\/wp\/v2\/types\/post"}],"author":[{"embeddable":true,"href":"https:\/\/guiadenoticias.com.ar\/diario\/wp-json\/wp\/v2\/users\/1"}],"replies":[{"embeddable":true,"href":"https:\/\/guiadenoticias.com.ar\/diario\/wp-json\/wp\/v2\/comments?post=7740"}],"version-history":[{"count":1,"href":"https:\/\/guiadenoticias.com.ar\/diario\/wp-json\/wp\/v2\/posts\/7740\/revisions"}],"predecessor-version":[{"id":7742,"href":"https:\/\/guiadenoticias.com.ar\/diario\/wp-json\/wp\/v2\/posts\/7740\/revisions\/7742"}],"wp:featuredmedia":[{"embeddable":true,"href":"https:\/\/guiadenoticias.com.ar\/diario\/wp-json\/wp\/v2\/media\/7741"}],"wp:attachment":[{"href":"https:\/\/guiadenoticias.com.ar\/diario\/wp-json\/wp\/v2\/media?parent=7740"}],"wp:term":[{"taxonomy":"category","embeddable":true,"href":"https:\/\/guiadenoticias.com.ar\/diario\/wp-json\/wp\/v2\/categories?post=7740"},{"taxonomy":"post_tag","embeddable":true,"href":"https:\/\/guiadenoticias.com.ar\/diario\/wp-json\/wp\/v2\/tags?post=7740"}],"curies":[{"name":"wp","href":"https:\/\/api.w.org\/{rel}","templated":true}]}}